{"id":93333,"date":"2019-08-14T07:32:33","date_gmt":"2019-08-14T10:32:33","guid":{"rendered":"http:\/\/argentinamunicipal.com.ar\/argentina\/?p=93333"},"modified":"2019-08-14T07:32:33","modified_gmt":"2019-08-14T10:32:33","slug":"protestan-en-todo-brasil-contra-los-recortes-de-bolsonaro-a-la-educacion","status":"publish","type":"post","link":"http:\/\/argentinamunicipal.com.ar\/argentina\/protestan-en-todo-brasil-contra-los-recortes-de-bolsonaro-a-la-educacion\/","title":{"rendered":"Protestan en todo Brasil contra los recortes de Bolsonaro a la educaci\u00f3n"},"content":{"rendered":"<p>L\u00edderes sindicales del sector educativo convocaron a una huelga, en denuncia a los recortes presupuestales que abarcan desde escuelas primarias a educaci\u00f3n p\u00fablica superior y los planes de abrir las universidades federales a la inversi\u00f3n privada.<\/p>\n<p>El gobierno se\u00f1al\u00f3 que implementar\u00e1 recortes en todos los sectores de manera equitativa.<\/p>\n<p>El portal noticioso G1 registr\u00f3 manifestaciones en 72 ciudades, aunque el n\u00famero de participantes fue menor al de las multitudinarias protestas de mayo pasado.<\/p>\n<p>El mes pasado se ordenaron recortes por 348 millones de reales (unos 87 millones de d\u00f3lares) a los libros de texto.<\/p>\n<p>El Ministerio de Educaci\u00f3n anunci\u00f3 a inicios de a\u00f1o que se reducir\u00eda un 30% el presupuesto a universidades y suspendi\u00f3 las becas a futuro para estudiantes de maestr\u00eda y doctorado.<\/p>\n<h6>Fuente: Tucum\u00e1n Hoy<\/h6>\n","protected":false},"excerpt":{"rendered":"<p>L\u00edderes sindicales del sector educativo convocaron a una huelga, en denuncia a los recortes presupuestales que abarcan desde escuelas primarias a educaci\u00f3n p\u00fablica superior y los planes de abrir las universidades federales a la inversi\u00f3n privada.<\/p>\n","protected":false},"author":2,"featured_media":93334,"comment_status":"closed","ping_status":"closed","sticky":false,"template":"","format":"standard","meta":{"footnotes":""},"categories":[22],"tags":[57],"class_list":["post-93333","post","type-post","status-publish","format-standard","has-post-thumbnail","hentry","category-el-mundo","tag-el-mundo"],"_links":{"self":[{"href":"http:\/\/argentinamunicipal.com.ar\/argentina\/wp-json\/wp\/v2\/posts\/93333","targetHints":{"allow":["GET"]}}],"collection":[{"href":"http:\/\/argentinamunicipal.com.ar\/argentina\/wp-json\/wp\/v2\/posts"}],"about":[{"href":"http:\/\/argentinamunicipal.com.ar\/argentina\/wp-json\/wp\/v2\/types\/post"}],"author":[{"embeddable":true,"href":"http:\/\/argentinamunicipal.com.ar\/argentina\/wp-json\/wp\/v2\/users\/2"}],"replies":[{"embeddable":true,"href":"http:\/\/argentinamunicipal.com.ar\/argentina\/wp-json\/wp\/v2\/comments?post=93333"}],"version-history":[{"count":0,"href":"http:\/\/argentinamunicipal.com.ar\/argentina\/wp-json\/wp\/v2\/posts\/93333\/revisions"}],"wp:featuredmedia":[{"embeddable":true,"href":"http:\/\/argentinamunicipal.com.ar\/argentina\/wp-json\/wp\/v2\/media\/93334"}],"wp:attachment":[{"href":"http:\/\/argentinamunicipal.com.ar\/argentina\/wp-json\/wp\/v2\/media?parent=93333"}],"wp:term":[{"taxonomy":"category","embeddable":true,"href":"http:\/\/argentinamunicipal.com.ar\/argentina\/wp-json\/wp\/v2\/categories?post=93333"},{"taxonomy":"post_tag","embeddable":true,"href":"http:\/\/argentinamunicipal.com.ar\/argentina\/wp-json\/wp\/v2\/tags?post=93333"}],"curies":[{"name":"wp","href":"https:\/\/api.w.org\/{rel}","templated":true}]}}