{"id":93345,"date":"2019-08-14T07:56:27","date_gmt":"2019-08-14T10:56:27","guid":{"rendered":"http:\/\/argentinamunicipal.com.ar\/argentina\/?p=93345"},"modified":"2019-08-14T07:56:27","modified_gmt":"2019-08-14T10:56:27","slug":"la-cultura-bajo-bolsonaro","status":"publish","type":"post","link":"http:\/\/argentinamunicipal.com.ar\/argentina\/la-cultura-bajo-bolsonaro\/","title":{"rendered":"La cultura bajo Bolsonaro"},"content":{"rendered":"<p>El pasado lunes, una subsidiaria del estatal Banco do Brasil abri\u00f3 inscripciones para productores audiovisuales interesados en captar patrocinio. En tiempos de sequ\u00eda absoluta, la iniciativa fue recibida como una se\u00f1al de alivio para el sector.<\/p>\n<p>Sin embargo, ese alivio dur\u00f3 casi nada. Es que en el m\u00e1s puro estilo de las censuras dictatoriales, la convocatoria incluy\u00f3, en la ficha de inscripci\u00f3n de los eventuales candidatos, las siguientes preguntas: \u2018\u00bfla obra tiene caracter\u00edstica religiosa o pol\u00edtica?, \u00bfla obra hace referencia a cr\u00edmenes, droga, prostituci\u00f3n o pedofilia?, \u00bfser\u00e1n exhibidas escenas de desnudo o sexo expl\u00edcito?\u2019.<\/p>\n<p>El mismo documento informa a los interesados que no ser\u00e1n beneficiadas obras \u00abque incentiven el uso de bebida alcoh\u00f3lica, cigarrillos u otras drogas\u00bb, \u00abtengan car\u00e1cter religioso o sean promovidas por entidad religiosa\u00bb, o \u00abque tengan car\u00e1cter pol\u00edtico-electoral-partidista\u00bb.<\/p>\n<p>No se informa cu\u00e1les ser\u00e1n los par\u00e1metros de an\u00e1lisis.<\/p>\n<p>La verdad es que no se trata de una extravagancia aislada, iniciativa infeliz de alg\u00fan funcionario queriendo lucirse con sus jefes. No, no: la medida refleja a medida exacta la concepci\u00f3n de un gobierno encabezado por un ultraderechista que no pierde oportunidad de reiterar no solo su desequilibrio como su m\u00e1s ol\u00edmpica ignorancia. Bolsonaro y sus secuaces tienen a la cultura, la educaci\u00f3n y las artes como enemigos a ser destrozados a cualquier precio y lo m\u00e1s r\u00e1pido posible.<\/p>\n<p>Desde el retorno de la democracia, en 1985, hubo un solo periodo \u2013 cuando Fernando Collor de Mello asumi\u00f3 la presidencia, en 1990 \u2013 que se intent\u00f3 destrozar el cine brasile\u00f1o en particular y las artes en general. Fueron tiempos duros, pero el sector logr\u00f3 recuperarse en poco tiempo.<\/p>\n<p>Luego del golpe institucional que destituy\u00f3 a la presidenta Dilma Rousseff, el clept\u00f3mano Michel Temer tuvo, entre sus primeras medidas, liquidar el ministerio de Cultura. Hubo resistencia por todo el pa\u00eds, y el gobierno dio marcha atr\u00e1s.<\/p>\n<p>Pero comparado con lo que Bolsonaro pretende, tanto Collor como Temer son ejemplos de civilidad.\u00a0 Enemigo de cualquier tipo de pensamiento, est\u00e1 decidido a imponer su voluntad sin medir esfuerzos o admitir l\u00edmites.<\/p>\n<p>Sobran ejemplos. La inmensa mayor\u00eda de las universidades nacionales disponen de recursos para sobrevivir hasta el mes que viene. Las becas de alto nivel no tienen c\u00f3mo sobrevivir a este agosto. No es que no haya una se\u00f1al de luz en el horizonte: no hay horizonte.<\/p>\n<p>\u00bfFaltaba algo en la batalla del mentecato contra las artes y la cultura? S\u00ed: faltaba restablecer una censura falsamente moralista y verdaderamente abyecta. Ahora ya no falta m\u00e1s.<\/p>\n<p>Bolsonaro, que dispara bestialidades a velocidad de un sheriff de las pel\u00edculas de vaquero, avis\u00f3: es necesario imponer un filtro en defensa de los valores familiares.<\/p>\n<p>\u00bfCu\u00e1les son esos valores?<\/p>\n<p>Los que \u00e9l y su clan de alucinados decidan.<\/p>\n<h6>Fuente: P\u00e1gina 12<\/h6>\n","protected":false},"excerpt":{"rendered":"<p>El pasado lunes, una subsidiaria del estatal Banco do Brasil abri\u00f3 inscripciones para productores audiovisuales interesados en captar patrocinio. En tiempos de sequ\u00eda absoluta, la iniciativa fue recibida como una se\u00f1al de alivio para el sector.<\/p>\n","protected":false},"author":2,"featured_media":93346,"comment_status":"closed","ping_status":"closed","sticky":false,"template":"","format":"standard","meta":{"footnotes":""},"categories":[22],"tags":[57],"class_list":["post-93345","post","type-post","status-publish","format-standard","has-post-thumbnail","hentry","category-el-mundo","tag-el-mundo"],"_links":{"self":[{"href":"http:\/\/argentinamunicipal.com.ar\/argentina\/wp-json\/wp\/v2\/posts\/93345","targetHints":{"allow":["GET"]}}],"collection":[{"href":"http:\/\/argentinamunicipal.com.ar\/argentina\/wp-json\/wp\/v2\/posts"}],"about":[{"href":"http:\/\/argentinamunicipal.com.ar\/argentina\/wp-json\/wp\/v2\/types\/post"}],"author":[{"embeddable":true,"href":"http:\/\/argentinamunicipal.com.ar\/argentina\/wp-json\/wp\/v2\/users\/2"}],"replies":[{"embeddable":true,"href":"http:\/\/argentinamunicipal.com.ar\/argentina\/wp-json\/wp\/v2\/comments?post=93345"}],"version-history":[{"count":0,"href":"http:\/\/argentinamunicipal.com.ar\/argentina\/wp-json\/wp\/v2\/posts\/93345\/revisions"}],"wp:featuredmedia":[{"embeddable":true,"href":"http:\/\/argentinamunicipal.com.ar\/argentina\/wp-json\/wp\/v2\/media\/93346"}],"wp:attachment":[{"href":"http:\/\/argentinamunicipal.com.ar\/argentina\/wp-json\/wp\/v2\/media?parent=93345"}],"wp:term":[{"taxonomy":"category","embeddable":true,"href":"http:\/\/argentinamunicipal.com.ar\/argentina\/wp-json\/wp\/v2\/categories?post=93345"},{"taxonomy":"post_tag","embeddable":true,"href":"http:\/\/argentinamunicipal.com.ar\/argentina\/wp-json\/wp\/v2\/tags?post=93345"}],"curies":[{"name":"wp","href":"https:\/\/api.w.org\/{rel}","templated":true}]}}