{"id":93534,"date":"2019-08-28T07:26:47","date_gmt":"2019-08-28T10:26:47","guid":{"rendered":"http:\/\/argentinamunicipal.com.ar\/argentina\/?p=93534"},"modified":"2019-08-28T07:26:47","modified_gmt":"2019-08-28T10:26:47","slug":"a-pesar-de-la-marcha-en-apoyo-a-macri-siguen-los-despidos-en-fabricas","status":"publish","type":"post","link":"http:\/\/argentinamunicipal.com.ar\/argentina\/a-pesar-de-la-marcha-en-apoyo-a-macri-siguen-los-despidos-en-fabricas\/","title":{"rendered":"A pesar de la marcha en apoyo a Macri, siguen los despidos en f\u00e1bricas"},"content":{"rendered":"<p>Esta vez le toc\u00f3 el turno a la empresa Adient Rosario, que produce autopartes para Honda y General Motors.<\/p>\n<p>La empresa Adient Rosario, situada en la ciudad santafesina de Pueblo Esther, al sur de Rosario, anunci\u00f3 que desvincular\u00e1 a 26 operarios a trav\u00e9s de retiros voluntarios.<\/p>\n<p>Los 230 trabajadores de la planta de Adient recibieron la propuesta de la empresa el martes pasado en una asamblea de dos horas realizada en la sede del Sindicato de Mec\u00e1nicos y Afines del Transporte Automotor de la Rep\u00fablica Argentina (Smata).<\/p>\n<p>La planta produce los asientos y los tapizados del autom\u00f3vil Cruze, que se fabrica en la vecina f\u00e1brica de General Motors, en la localidad santafesina de Alvear, as\u00ed como los de la camioneta HRV, que Honda dejar\u00e1 de producir en 2020 tras el reciente anuncio de la firma nipona acerca del cese de la fabricaci\u00f3n de autom\u00f3viles en el pa\u00eds.<\/p>\n<h6>Fuente: InfoNews<\/h6>\n","protected":false},"excerpt":{"rendered":"<p>Esta vez le toc\u00f3 el turno a la empresa Adient Rosario, que produce autopartes para Honda y General Motors.\u00a0<\/p>\n","protected":false},"author":2,"featured_media":93535,"comment_status":"closed","ping_status":"closed","sticky":false,"template":"","format":"standard","meta":{"footnotes":""},"categories":[2],"tags":[10],"class_list":["post-93534","post","type-post","status-publish","format-standard","has-post-thumbnail","hentry","category-informe-municipal","tag-santa-fe"],"_links":{"self":[{"href":"http:\/\/argentinamunicipal.com.ar\/argentina\/wp-json\/wp\/v2\/posts\/93534","targetHints":{"allow":["GET"]}}],"collection":[{"href":"http:\/\/argentinamunicipal.com.ar\/argentina\/wp-json\/wp\/v2\/posts"}],"about":[{"href":"http:\/\/argentinamunicipal.com.ar\/argentina\/wp-json\/wp\/v2\/types\/post"}],"author":[{"embeddable":true,"href":"http:\/\/argentinamunicipal.com.ar\/argentina\/wp-json\/wp\/v2\/users\/2"}],"replies":[{"embeddable":true,"href":"http:\/\/argentinamunicipal.com.ar\/argentina\/wp-json\/wp\/v2\/comments?post=93534"}],"version-history":[{"count":0,"href":"http:\/\/argentinamunicipal.com.ar\/argentina\/wp-json\/wp\/v2\/posts\/93534\/revisions"}],"wp:featuredmedia":[{"embeddable":true,"href":"http:\/\/argentinamunicipal.com.ar\/argentina\/wp-json\/wp\/v2\/media\/93535"}],"wp:attachment":[{"href":"http:\/\/argentinamunicipal.com.ar\/argentina\/wp-json\/wp\/v2\/media?parent=93534"}],"wp:term":[{"taxonomy":"category","embeddable":true,"href":"http:\/\/argentinamunicipal.com.ar\/argentina\/wp-json\/wp\/v2\/categories?post=93534"},{"taxonomy":"post_tag","embeddable":true,"href":"http:\/\/argentinamunicipal.com.ar\/argentina\/wp-json\/wp\/v2\/tags?post=93534"}],"curies":[{"name":"wp","href":"https:\/\/api.w.org\/{rel}","templated":true}]}}