{"id":93592,"date":"2019-08-29T06:37:01","date_gmt":"2019-08-29T09:37:01","guid":{"rendered":"http:\/\/argentinamunicipal.com.ar\/argentina\/?p=93592"},"modified":"2019-08-29T06:37:01","modified_gmt":"2019-08-29T09:37:01","slug":"multitudinaria-marcha-en-rosario-en-reclamo-de-trabajo-y-asistencia","status":"publish","type":"post","link":"http:\/\/argentinamunicipal.com.ar\/argentina\/multitudinaria-marcha-en-rosario-en-reclamo-de-trabajo-y-asistencia\/","title":{"rendered":"Multitudinaria marcha en Rosario en reclamo de trabajo y asistencia"},"content":{"rendered":"<p>Organizaciones sociales se concentraron frente a la Ans\u00e9s. Denunciaron la ausencia del Estado frente a una situaci\u00f3n creciente de \u00abhambre y miseria\u00bb.<\/p>\n<p>Las organizaciones sociales de Rosario dieron ayer una muestra contundente de que seguir\u00e1n en la calle disputando por los derechos m\u00e1s esenciales como \u00abtierra, techo y trabajo\u00bb y por la declaraci\u00f3n de la \u00abemergencia alimentaria\u00bb que se transform\u00f3 en una demanda mucho m\u00e1s urgente tras la devaluaci\u00f3n, que pulveriz\u00f3 los ingresos y profundiz\u00f3 \u00abel hambre y la miseria\u00bb, especialmente de los pibes.<\/p>\n<p>La jornada nacional de lucha se materializ\u00f3 en la ciudad en un acto multitudinario que se realiz\u00f3 en la puerta de Ans\u00e9s en la esquina de Rioja y Sarmiento. Al lugar confluyeron al mediod\u00eda varias marchas que desde media ma\u00f1ana partieron desde distintas plazas c\u00e9ntricas, encabezadas por las organizaciones sociales pero acompa\u00f1adas por gremios, referentes de jubilados y estudiantes.<\/p>\n<p>\u00abTierra, techo y trabajo, emergencia social\u00bb, planteaba la consigna de la jornada de lucha que adem\u00e1s, no dejaba espacio para la indefinici\u00f3n pol\u00edtica: \u00abO se est\u00e1 con el FMI o con el pueblo\u00bb, agregaba.<\/p>\n<p>El acto fue la s\u00edntesis de una pluralidad de expresiones de la militancia social, pol\u00edtica y gremial que durante los a\u00f1os del gobierno de Mauricio Macri fueron confluyendo en un frente com\u00fan de rechazo al modelo econ\u00f3mico, y que en estas \u00faltimas semanas \u2014tras las Paso y la posterior devaluaci\u00f3n\u2014 lleg\u00f3 a un punto extremo. \u00abEl hambre de nuestros pibes no puede seguir esperando\u00bb, dijeron en un documento com\u00fan todas las organizaciones.<\/p>\n<p>Pero adem\u00e1s, el reclamo incluy\u00f3 otras consignas concretas y urgentes como la \u00abconvocatoria al Consejo del Salario, un aumento de 40 por ciento de las partidas para comedores en las escuelas; el mismo bono de 2.000 pesos que se anunci\u00f3 para el sector formal para la econom\u00eda popular; el cese de la suspensi\u00f3n de los programas laborales y mayor oferta para la econom\u00eda popular; un aumento extraordinario para jubilaciones y pensiones m\u00ednimas; una ley de emergencia alimentaria y la pr\u00f3rroga de la emergencia social\u00bb, se\u00f1alaron.<\/p>\n<p>\u00abEste gobierno hace tres a\u00f1os y medio que vienen gobernado con pobreza, desocupaci\u00f3n, inflaci\u00f3n, salarios bajos y ahora sale un funcionario (Hern\u00e1n Lombardi) y reconoce que nos metieron la mano en el bolsillo\u00bb, dijo Jos\u00e9 Berra de la Confederaci\u00f3n de Trabajadores de la Econom\u00eda Popular (Ctep) y por eso \u00ablas organizaciones populares desde el primer d\u00eda que gan\u00f3 Macri nos pusimos de acuerdo y defendimos en la calle nuestros derechos\u00bb, agreg\u00f3.<\/p>\n<p>As\u00ed lo plante\u00f3 tambi\u00e9n el referente de la Corriente Clasista y Combativa (CCC), Eduardo Delmonte, quien asegur\u00f3 que \u00abllegamos al resultado de las Paso (con la derrota electoral del oficialismo) porque hubo una lucha de a\u00f1os y el punto de inflexi\u00f3n fue lucha frente al Congreso para frenar la reforma previsional\u00bb, dijo el dirigente y llam\u00f3 a la movilizaci\u00f3n constante. \u00abNo podemos pensar que haciendo la plancha hasta octubre vamos a garantizar la derrota de Macri\u00bb, agreg\u00f3.<\/p>\n<p>Los dirigentes de las organizaciones dejaron en claro que no hay interlocutor oficial que pueda comprender la cr\u00edtica situaci\u00f3n. \u00abNosotros tenemos el pulso de lo que pasa en los barrios, son cada vez m\u00e1s los chicos y los ancianos que vienen a pedir un plato de comida\u00bb, dijo M\u00f3nica Crespo del Movimiento de Trabajadores Excluidos (MTE) y se\u00f1al\u00f3 que las agrupaciones \u00abestamos ocupando el lugar que deber\u00eda ocupar el gobierno\u00bb.<\/p>\n<p>Mientras un grupo de mujeres asent\u00eda y confirmaba el discurso con sus gestos, los referentes de las organizaciones plantearon que detr\u00e1s \u00abdel hambre, est\u00e1n tambi\u00e9n los chicos que se enferman por falta de medicamentos\u00bb, \u00ablas mujeres embarazadas que no pueden recibir la leche que no llega\u00bb y \u00ablos pibes que se mueren por la droga y a quienes matan en los barrios\u00bb. Seg\u00fan se\u00f1alaron \u00abson cada vez mas los chicos que se van a dormir sin comer\u00bb, algo que tambi\u00e9n confirm\u00f3 la referente del Siprus (gremio de profesionales de la salud), quien plante\u00f3 que \u00aben salud p\u00fablica no damos abasto para curar y paliar lo que el hambre genera\u00bb.<\/p>\n<p>Una situaci\u00f3n que tambi\u00e9n se refleja en otro espacios como las escuelas p\u00fablicas. \u00abHay que seguir reclamando la emergencia alimentaria\u00bb, se\u00f1al\u00f3 Lorena Almir\u00f3n secretaria general de ATE Rosario y asegur\u00f3 que en estos a\u00f1os a los gremios y las organizaciones sociales \u00abnos unieron todas todas las luchas pero hoy la premisa m\u00e1s fuerte es denunciar que \u00abel hambre es un crimen\u00bb\u00bb, plante\u00f3 en coincidencia con el secretario general de la CTA Rosario, Gustavo Ter\u00e9s quien plante\u00f3 que \u00abla prioridad hoy son nuestros pibes, es garantizar comida digna, defender la escuela publica y el salario\u00bb.<\/p>\n<p>El acto de ayer fue tambi\u00e9n una expresi\u00f3n de la solidaridad con la que fue rodeado el reclamo de las organizaciones. \u00abNos podr\u00e1n quitar el pan y el trabajo, pero nunca la dignidad\u00bb, areng\u00f3 la dirigente de la Federaci\u00f3n de Organizaciones de Base (FOB), mientras desde el palco todos plantearon seguir manifest\u00e1ndose \u00aben paz\u00bb, tal como fue la desconcentraci\u00f3n por las calles de Rosario.<\/p>\n<h6>Fuente: La Capital<\/h6>\n","protected":false},"excerpt":{"rendered":"<p>Organizaciones sociales se concentraron frente a la Ans\u00e9s. Denunciaron la ausencia del Estado frente a una situaci\u00f3n creciente de \u00abhambre y miseria\u00bb.<\/p>\n","protected":false},"author":2,"featured_media":93593,"comment_status":"closed","ping_status":"closed","sticky":false,"template":"","format":"standard","meta":{"footnotes":""},"categories":[2],"tags":[10],"class_list":["post-93592","post","type-post","status-publish","format-standard","has-post-thumbnail","hentry","category-informe-municipal","tag-santa-fe"],"_links":{"self":[{"href":"http:\/\/argentinamunicipal.com.ar\/argentina\/wp-json\/wp\/v2\/posts\/93592","targetHints":{"allow":["GET"]}}],"collection":[{"href":"http:\/\/argentinamunicipal.com.ar\/argentina\/wp-json\/wp\/v2\/posts"}],"about":[{"href":"http:\/\/argentinamunicipal.com.ar\/argentina\/wp-json\/wp\/v2\/types\/post"}],"author":[{"embeddable":true,"href":"http:\/\/argentinamunicipal.com.ar\/argentina\/wp-json\/wp\/v2\/users\/2"}],"replies":[{"embeddable":true,"href":"http:\/\/argentinamunicipal.com.ar\/argentina\/wp-json\/wp\/v2\/comments?post=93592"}],"version-history":[{"count":0,"href":"http:\/\/argentinamunicipal.com.ar\/argentina\/wp-json\/wp\/v2\/posts\/93592\/revisions"}],"wp:featuredmedia":[{"embeddable":true,"href":"http:\/\/argentinamunicipal.com.ar\/argentina\/wp-json\/wp\/v2\/media\/93593"}],"wp:attachment":[{"href":"http:\/\/argentinamunicipal.com.ar\/argentina\/wp-json\/wp\/v2\/media?parent=93592"}],"wp:term":[{"taxonomy":"category","embeddable":true,"href":"http:\/\/argentinamunicipal.com.ar\/argentina\/wp-json\/wp\/v2\/categories?post=93592"},{"taxonomy":"post_tag","embeddable":true,"href":"http:\/\/argentinamunicipal.com.ar\/argentina\/wp-json\/wp\/v2\/tags?post=93592"}],"curies":[{"name":"wp","href":"https:\/\/api.w.org\/{rel}","templated":true}]}}