{"id":94255,"date":"2019-09-18T06:46:10","date_gmt":"2019-09-18T09:46:10","guid":{"rendered":"http:\/\/argentinamunicipal.com.ar\/argentina\/?p=94255"},"modified":"2019-09-18T06:46:10","modified_gmt":"2019-09-18T09:46:10","slug":"municipales-santafesinos-en-alerta-convocan-al-paro-activo-donde-surjan-conflictos","status":"publish","type":"post","link":"http:\/\/argentinamunicipal.com.ar\/argentina\/municipales-santafesinos-en-alerta-convocan-al-paro-activo-donde-surjan-conflictos\/","title":{"rendered":"Municipales santafesinos en alerta convocan al \u00abparo activo\u00bb donde surjan conflictos"},"content":{"rendered":"<p>Pidieron una audiencia \u00aburgente\u00bb con el gobernador. Dicen que no tolerar\u00e1n \u00abpol\u00edticas de ajuste\u00bb y hablan de \u00abdiscriminaciones\u00bb.<\/p>\n<p>El plenario de secretarios generales de los gremios adheridos a la Federaci\u00f3n de Sindicatos de Trabajadores Municipales (Festram) resolvi\u00f3 declarar el estado de alerta y movilizaci\u00f3n \u00aben solidaridad y respaldo a los compa\u00f1eros y compa\u00f1eras que sufren penurias por la falta de pago en tiempo y forma de sus salarios\u00bb.<\/p>\n<p>Los dirigentes municipales dispusieron asimismo la realizaci\u00f3n de \u00abparos activos\u00bb en todos aquellos lugares donde \u00abpersisten deudas salariales de cualquier \u00edndole\u00bb. E instaron a la movilizaci\u00f3n \u00abde los trabajadores afectados, incluyendo las protestas en las rutas para visualizar la grave problem\u00e1tica\u00bb. No obstante, la organizaci\u00f3n sindical no individualiz\u00f3 los focos espec\u00edficos de conflicto.<\/p>\n<p>Asimismo, solicitaron una \u00aburgente audiencia\u00bb con el gobernador de la provincia, Miguel Lifschitz, para que \u00abescuche la propuesta gremial que permitir\u00eda paliar la grave situaci\u00f3n que viven los gobiernos locales, la prestaci\u00f3n de los servicios p\u00fablicos y el salario de sus trabajadores\u00bb.<\/p>\n<p>La Festram asegura que los empleados municipales y comunales, como los propios intendentes y jefes comunales \u00abse encuentran atrapados en disputas coyunturales que lamentablemente paga la poblaci\u00f3n de cada uno de los pueblos y ciudades afectados por la actual crisis, especialmente los sectores m\u00e1s desprotegidos\u00bb, dicen los delegados.<\/p>\n<p>\u00abDiscriminaci\u00f3n\u00bb<\/p>\n<p>\u00abLa discriminaci\u00f3n en la distribuci\u00f3n de fondos, tanto los aportes del tesoro nacional (ATN) o los provinciales (anticipos), son la excusa para paralizar la asistencia financiera, o impedir una alternativa que plantee resolver con responsabilidad institucional la crisis econ\u00f3mica de municipios y comunas que golpea al conjunto de los ciudadanos\u00bb, manifest\u00f3 el gremio en un comunicado.<\/p>\n<p>Para Festram, \u00abel gobernador es el m\u00e1ximo responsable de garantizar la paz social en medio de una emergencia alimentaria, sanitaria y productiva, que atraviesa tambi\u00e9n la poblaci\u00f3n santafesina. Por esta raz\u00f3n entendemos que es su deber escuchar y consensuar con los representantes de los trabajadores las propuestas que no tienen costo econ\u00f3mico extraordinario para la provincia, pero que permitir\u00e1n destrabar esta situaci\u00f3n, por lo menos hasta el recambio de los gobiernos nacional y provincial\u00bb, expresaron los dirigentes sindicales.<\/p>\n<p>Festram advirti\u00f3 que \u00abno tolerar\u00e1 pol\u00edticas de ajuste, que son las mismas que llevaron a esta crisis sin precedentes en las \u00faltimas d\u00e9cadas\u00bb.<\/p>\n<p>Por eso, la organizaci\u00f3n sindical exige una vez m\u00e1s \u00abla estabilidad de los trabajadores precarizados, contratados y pasantes, el cumplimiento de la cl\u00e1usula gatillo, la no modificaci\u00f3n de las condiciones actuales del Instituto Aut\u00e1rquico Provincial de Obra Social (Iapos) y del sistema jubilatorio, ni la aprobaci\u00f3n de leyes que afecten los derechos, el salario y las condiciones de trabajo y seguridad social de los municipales de la provincia de Santa Fe\u00bb.<\/p>\n<p>Reuni\u00f3n con autoridades<\/p>\n<p>El plenario de delegados se desarroll\u00f3 el 12 de este mes. Un d\u00eda antes, miembros del Consejo Directivo se hab\u00edan reunido con Carlos Torres, secretario de Regiones, Municipios y Comunas de la provincia, para analizar la situaci\u00f3n en la que se encuentran varias administraciones del territorio provincial.<\/p>\n<p>En la ocasi\u00f3n, la Festram le entreg\u00f3 al funcionario una nota en la que le expresan su preocupaci\u00f3n porque \u00abmes a mes se incrementa la cantidad de municipios y co munas que no pueden afrontar en tiempo y forma el pago de los salarios, lo que lleva a la adopci\u00f3n de medidas de acci\u00f3n directa por parte de los sindicatos, en la b\u00fasqueda de soluciones para afrontar estos inconvenientes financieros que afectan a nuestros compa\u00f1eros y a la comunidad toda\u00bb.<\/p>\n<p>Concretamente, el gremio pidi\u00f3 informaci\u00f3n sobre las municipalidad y comunas a las que se les haya otorgado anticipos de coparticipaci\u00f3n, y los montos,; el listado del Fondo de Obras Menores de los a\u00f1os 2017, 2018 y 20109 que fueran enviado a las distintas administraciones, y el listado de ATN transferidos por la Naci\u00f3n a la provincia con destino espec\u00edficos a distintos municipios. A continuaci\u00f3n transcribimos la nota que se le entreg\u00f3 en esa oportunidad.<\/p>\n<h6>Fuente: La Capital<\/h6>\n","protected":false},"excerpt":{"rendered":"<p>Pidieron una audiencia \u00aburgente\u00bb con el gobernador. Dicen que no tolerar\u00e1n \u00abpol\u00edticas de ajuste\u00bb y hablan de \u00abdiscriminaciones\u00bb.<br \/>\n\u00a0<\/p>\n","protected":false},"author":2,"featured_media":94256,"comment_status":"closed","ping_status":"closed","sticky":false,"template":"","format":"standard","meta":{"footnotes":""},"categories":[7],"tags":[10],"class_list":["post-94255","post","type-post","status-publish","format-standard","has-post-thumbnail","hentry","category-informe-sindical","tag-santa-fe"],"_links":{"self":[{"href":"http:\/\/argentinamunicipal.com.ar\/argentina\/wp-json\/wp\/v2\/posts\/94255","targetHints":{"allow":["GET"]}}],"collection":[{"href":"http:\/\/argentinamunicipal.com.ar\/argentina\/wp-json\/wp\/v2\/posts"}],"about":[{"href":"http:\/\/argentinamunicipal.com.ar\/argentina\/wp-json\/wp\/v2\/types\/post"}],"author":[{"embeddable":true,"href":"http:\/\/argentinamunicipal.com.ar\/argentina\/wp-json\/wp\/v2\/users\/2"}],"replies":[{"embeddable":true,"href":"http:\/\/argentinamunicipal.com.ar\/argentina\/wp-json\/wp\/v2\/comments?post=94255"}],"version-history":[{"count":0,"href":"http:\/\/argentinamunicipal.com.ar\/argentina\/wp-json\/wp\/v2\/posts\/94255\/revisions"}],"wp:featuredmedia":[{"embeddable":true,"href":"http:\/\/argentinamunicipal.com.ar\/argentina\/wp-json\/wp\/v2\/media\/94256"}],"wp:attachment":[{"href":"http:\/\/argentinamunicipal.com.ar\/argentina\/wp-json\/wp\/v2\/media?parent=94255"}],"wp:term":[{"taxonomy":"category","embeddable":true,"href":"http:\/\/argentinamunicipal.com.ar\/argentina\/wp-json\/wp\/v2\/categories?post=94255"},{"taxonomy":"post_tag","embeddable":true,"href":"http:\/\/argentinamunicipal.com.ar\/argentina\/wp-json\/wp\/v2\/tags?post=94255"}],"curies":[{"name":"wp","href":"https:\/\/api.w.org\/{rel}","templated":true}]}}