{"id":94333,"date":"2019-09-19T06:05:18","date_gmt":"2019-09-19T09:05:18","guid":{"rendered":"http:\/\/argentinamunicipal.com.ar\/argentina\/?p=94333"},"modified":"2019-09-18T20:07:46","modified_gmt":"2019-09-18T23:07:46","slug":"de-cuanto-deberia-ser-el-bono-salarial-para-que-un-trabajador-recupere-su-poder-de-compra-del-2015","status":"publish","type":"post","link":"http:\/\/argentinamunicipal.com.ar\/argentina\/de-cuanto-deberia-ser-el-bono-salarial-para-que-un-trabajador-recupere-su-poder-de-compra-del-2015\/","title":{"rendered":"De cu\u00e1nto deber\u00eda ser el \u201cbono salarial\u201d para que un trabajador recupere su poder de compra del 2015"},"content":{"rendered":"<p>Un informe de la consultora Synthesis calcul\u00f3 el valor ideal de bonificaci\u00f3n salarial teniendo en cuenta la ca\u00edda que sufrieron los salarios y las jubilaciones en los \u00faltimos casi cuatro a\u00f1os, y la devaluaci\u00f3n y consecuente presi\u00f3n inflacionaria que se descontrol\u00f3 tras las PASO.<\/p>\n<p>Luego de que la gobernadora de la provincia de Buenos Aires,\u00a0Mar\u00eda Eugenia Vidal, oficializara e instrumentara un bono de tres mil pesos para estatales, y en medio del debate en torno a la entrega de una bonificaci\u00f3n por parte del\u00a0Gobierno Nacional\u00a0a privados que puso el grito en el cielo de los empresarios pymes, sobre todo,\u00a0el an\u00e1lisis de una consultora calcul\u00f3 de cu\u00e1nto deber\u00edan ser tales \u201calivios\u201d para recuperar el poder de compra de los trabajadores.<\/p>\n<p>Se trata de un informe de Synthesis\u00a0quien, a partir de conocer que los salarios perdieron un 17% desde el 2015, el Salario M\u00ednimo Vital y M\u00f3vil (SMVyM) un 33,6% y los haberes jubilatorios un 20,5%, calcul\u00f3 que\u00a0un trabajador registrado deber\u00eda recibir un\u00a0\u201cbono salarial\u201d de 250.000 pesos\u00a0en promedio para poder recuperar el poder adquisitivo de 2015<\/p>\n<p>El titular de la firma es el\u00a0extitular del Banco Central de la Rep\u00fablica Argentina (BCRA), Alejandro Vanoli, quien asegur\u00f3 que \u00ablos asalariados fueron uno de los sectores m\u00e1s perjudicados por la pol\u00edtica econ\u00f3mica implementada por el Gobierno\u201d.<\/p>\n<p>Seg\u00fan el informe, a lo largo de los \u00faltimos cuatro a\u00f1os predomin\u00f3 \u00abla l\u00f3gica empresarial de que los salarios forman parte del costo a reducir\u00bb y no constituyen \u00abun elemento de fomento a la demanda interna\u00bb, por lo cual era \u00abnecesario reducirlos\u00bb.<\/p>\n<p>En efecto, el poder adquisitivo de los asalariados registrados perdi\u00f3 aproximadamente un 17% desde 2015, mientras que el salario m\u00ednimo vital y m\u00f3vil (SMVyM) se redujo en 33,6%, seg\u00fan Synthesis.<\/p>\n<p>En cuanto al haber m\u00ednimo jubilatorio y la Asignaci\u00f3n Universal por Hijo (AUH) cayeron 20,5% y 6,3%, respectivamente.<\/p>\n<p>El informe concluye que, teniendo en cuenta las perspectivas inflacionarias, para recuperar el poder adquisitivo del a\u00f1o 2015 los asalariados deber\u00edan recibir m\u00e1s de $250.000 mientras que\u00a0aquellos que perciben el SMVyM, m\u00e1s de $100 mil.<\/p>\n<p>Respecto a\u00a0los jubilados que cobran la jubilaci\u00f3n m\u00ednima y aquellos beneficiarios de la AUH, deber\u00edan cobrar m\u00e1s de $60.000 y casi $9.000 respectivamente cada uno.<\/p>\n<h6>Fuente: InfoCielo<\/h6>\n","protected":false},"excerpt":{"rendered":"<p>Un informe de la consultora Synthesis calcul\u00f3 el valor ideal de bonificaci\u00f3n salarial teniendo en cuenta la ca\u00edda que sufrieron los salarios y las jubilaciones en los \u00faltimos casi cuatro a\u00f1os, y la devaluaci\u00f3n y consecuente presi\u00f3n inflacionaria que se descontrol\u00f3 tras las PASO.<\/p>\n","protected":false},"author":2,"featured_media":94334,"comment_status":"closed","ping_status":"closed","sticky":false,"template":"","format":"standard","meta":{"footnotes":""},"categories":[8],"tags":[21],"class_list":["post-94333","post","type-post","status-publish","format-standard","has-post-thumbnail","hentry","category-informe-nacional","tag-argentina"],"_links":{"self":[{"href":"http:\/\/argentinamunicipal.com.ar\/argentina\/wp-json\/wp\/v2\/posts\/94333","targetHints":{"allow":["GET"]}}],"collection":[{"href":"http:\/\/argentinamunicipal.com.ar\/argentina\/wp-json\/wp\/v2\/posts"}],"about":[{"href":"http:\/\/argentinamunicipal.com.ar\/argentina\/wp-json\/wp\/v2\/types\/post"}],"author":[{"embeddable":true,"href":"http:\/\/argentinamunicipal.com.ar\/argentina\/wp-json\/wp\/v2\/users\/2"}],"replies":[{"embeddable":true,"href":"http:\/\/argentinamunicipal.com.ar\/argentina\/wp-json\/wp\/v2\/comments?post=94333"}],"version-history":[{"count":0,"href":"http:\/\/argentinamunicipal.com.ar\/argentina\/wp-json\/wp\/v2\/posts\/94333\/revisions"}],"wp:featuredmedia":[{"embeddable":true,"href":"http:\/\/argentinamunicipal.com.ar\/argentina\/wp-json\/wp\/v2\/media\/94334"}],"wp:attachment":[{"href":"http:\/\/argentinamunicipal.com.ar\/argentina\/wp-json\/wp\/v2\/media?parent=94333"}],"wp:term":[{"taxonomy":"category","embeddable":true,"href":"http:\/\/argentinamunicipal.com.ar\/argentina\/wp-json\/wp\/v2\/categories?post=94333"},{"taxonomy":"post_tag","embeddable":true,"href":"http:\/\/argentinamunicipal.com.ar\/argentina\/wp-json\/wp\/v2\/tags?post=94333"}],"curies":[{"name":"wp","href":"https:\/\/api.w.org\/{rel}","templated":true}]}}