{"id":94412,"date":"2019-09-19T20:22:23","date_gmt":"2019-09-19T23:22:23","guid":{"rendered":"http:\/\/argentinamunicipal.com.ar\/argentina\/?p=94412"},"modified":"2019-09-19T20:22:23","modified_gmt":"2019-09-19T23:22:23","slug":"fiesta-nacional-de-la-primavera-2019-monte-hermoso","status":"publish","type":"post","link":"http:\/\/argentinamunicipal.com.ar\/argentina\/fiesta-nacional-de-la-primavera-2019-monte-hermoso\/","title":{"rendered":"Fiesta Nacional de la Primavera 2019, Monte Hermoso"},"content":{"rendered":"<p>La Fiesta de la Primavera de Monte Hermoso ofrece un diverso y amplio programa cultural y deportivo, con espect\u00e1culos musicales de renombre nacional y zonal. Tambi\u00e9n se lleva a cabo la elecci\u00f3n de la Reina Nacional de la Primavera.<\/p>\n<p>Informaci\u00f3n de la Fiesta de la Primavera<br \/>\nFecha: el fin de semana m\u00e1s cercano del 21 de septiembre, viernes s\u00e1bado y domingo. Este a\u00f1o 20, 21 y 22 de septiembre de 2019.<\/p>\n<p>Lugar: La fiesta se realiza en diversos lugares como el Centro Cultural (N\u00e9lida Fossatty 45), Plaza Parque Libertador General Don Jos\u00e9 de San Mart\u00edn (entre las calles Pedro de Mendoza, Av. Bah\u00eda Blanca, Patagonia y Pablo Pandeles) y en la costanera c\u00e9ntrica (a lo largo de la Av. Costanera J. D. Per\u00f3n).<\/p>\n<p>Fiesta de la Primavera 2019<\/p>\n<p>Entrada\u00a0libre y gratuita<br \/>\nActividades de la Fiesta<br \/>\nLa Fiesta de la Primavera se realiza en la ciudad balnearia de Monte Hermoso cada a\u00f1o en el mes de septiembre. Desde el a\u00f1o 1993 se la oficializ\u00f3 como\u00a0Fiesta Nacional de la Primavera\u00a0y desde entonces cada edici\u00f3n convoca a m\u00e1s personas de diferentes puntos del pa\u00eds donde se destacan los j\u00f3venes y las familias.<\/p>\n<p>El punto central de la fiesta es la Plaza Parque Libertador General Don Jos\u00e9 de San Mart\u00edn donde se llevan a cabo los fogones de la amistad y se levanta la carpa gigante que funciona como una gran comedor.<\/p>\n<p>En el\u00a0Anfiteatro\u00a0se lleva a cabo\u00a0espect\u00e1culos,\u00a0recitales\u00a0y\u00a0shows\u00a0de reconocidos artistas, m\u00fasicos y bandas consagradas.<\/p>\n<p>La\u00a0playa\u00a0es otro lugar de reuni\u00f3n durante la fiesta y el lugar elegido para juegos y actividades deportivas.<\/p>\n<p>Otro evento importante es la elecci\u00f3n de la\u00a0Reina Nacional de la Primavera\u00a0que ser\u00e1 una aut\u00e9ntica embajadora de la fiesta y Monte Hermoso durante su mandato.<\/p>\n<h6>Fuente: fiestaspopulares.com.ar<\/h6>\n","protected":false},"excerpt":{"rendered":"<p>La Fiesta de la Primavera de Monte Hermoso ofrece un diverso y amplio programa cultural y deportivo, con espect\u00e1culos musicales de renombre nacional y zonal.<\/p>\n","protected":false},"author":2,"featured_media":94413,"comment_status":"closed","ping_status":"closed","sticky":false,"template":"","format":"standard","meta":{"footnotes":""},"categories":[47],"tags":[12],"class_list":["post-94412","post","type-post","status-publish","format-standard","has-post-thumbnail","hentry","category-fiestas","tag-buenos-aires"],"_links":{"self":[{"href":"http:\/\/argentinamunicipal.com.ar\/argentina\/wp-json\/wp\/v2\/posts\/94412","targetHints":{"allow":["GET"]}}],"collection":[{"href":"http:\/\/argentinamunicipal.com.ar\/argentina\/wp-json\/wp\/v2\/posts"}],"about":[{"href":"http:\/\/argentinamunicipal.com.ar\/argentina\/wp-json\/wp\/v2\/types\/post"}],"author":[{"embeddable":true,"href":"http:\/\/argentinamunicipal.com.ar\/argentina\/wp-json\/wp\/v2\/users\/2"}],"replies":[{"embeddable":true,"href":"http:\/\/argentinamunicipal.com.ar\/argentina\/wp-json\/wp\/v2\/comments?post=94412"}],"version-history":[{"count":0,"href":"http:\/\/argentinamunicipal.com.ar\/argentina\/wp-json\/wp\/v2\/posts\/94412\/revisions"}],"wp:featuredmedia":[{"embeddable":true,"href":"http:\/\/argentinamunicipal.com.ar\/argentina\/wp-json\/wp\/v2\/media\/94413"}],"wp:attachment":[{"href":"http:\/\/argentinamunicipal.com.ar\/argentina\/wp-json\/wp\/v2\/media?parent=94412"}],"wp:term":[{"taxonomy":"category","embeddable":true,"href":"http:\/\/argentinamunicipal.com.ar\/argentina\/wp-json\/wp\/v2\/categories?post=94412"},{"taxonomy":"post_tag","embeddable":true,"href":"http:\/\/argentinamunicipal.com.ar\/argentina\/wp-json\/wp\/v2\/tags?post=94412"}],"curies":[{"name":"wp","href":"https:\/\/api.w.org\/{rel}","templated":true}]}}