{"id":94578,"date":"2019-09-25T07:27:24","date_gmt":"2019-09-25T10:27:24","guid":{"rendered":"http:\/\/argentinamunicipal.com.ar\/argentina\/?p=94578"},"modified":"2019-09-25T07:27:24","modified_gmt":"2019-09-25T10:27:24","slug":"crisis-en-rincon-la-mitad-de-los-contribuyentes-adeuda-la-tgi","status":"publish","type":"post","link":"http:\/\/argentinamunicipal.com.ar\/argentina\/crisis-en-rincon-la-mitad-de-los-contribuyentes-adeuda-la-tgi\/","title":{"rendered":"Crisis en Rinc\u00f3n: la mitad de los contribuyentes adeuda la TGI"},"content":{"rendered":"<p>As\u00ed lo inform\u00f3 el intendente Silvio Gonz\u00e1lez qui\u00e9n adem\u00e1s dijo sobre el d\u00e9ficit en la ciudad costera: \u00abEn agosto, en n\u00fameros reales, nos faltaron 8 millones de pesos\u00bb<\/p>\n<p>El intendente de San Jos\u00e9 del Rinc\u00f3n, Silvio Gonz\u00e1lez, inform\u00f3 sobre el d\u00e9ficit que atraviesa la ciudad costera. \u00abEn agosto tuvimos un d\u00e9ficit de ocho millones de pesos. Para un municipio donde el presupuesto anual ronda los 200 millones de pesos es una cantidad importante\u00bb, expres\u00f3. Y agreg\u00f3: \u00abHay d\u00e9ficit estructurales, podr\u00edamos decir hasta cr\u00f3nicos, que tiene la Municipalidad\u00bb.<\/p>\n<p>La preocupante situaci\u00f3n econ\u00f3mica es explicada por la m\u00e1xima autoridad ejecutiva de esa localidad por distintos motivos, entre ellos, la falta de pago de la Tasa General de Inmuebles de parte de la mitad de los contribuyentes que corresponden a m\u00e1s de tres mil propiedades. \u00abEs un tema que nos preocupa, nos demand\u00f3 bastante tiempo contar con informaci\u00f3n de calidad. Es responsabilidad del Estado gestionar las deudas, fundamentalmente por una cuesti\u00f3n de justicia. Hoy el municipio est\u00e1 sostenido por un poco m\u00e1s del padr\u00f3n de contribuyentes porque hay deudas de personas que llevan hasta diez a\u00f1os sin pagar, otros que deben a\u00fan m\u00e1s. Muchas de esas deudas prescribieron porque nunca se hizo ning\u00fan tipo de gesti\u00f3n para cobrarlas\u00bb, dijo Gonz\u00e1lez en declaraciones al programa Santa Fe Directo.<\/p>\n<p>Seg\u00fan el intendente, son 6.128 contribuyentes en total: \u00abLa tasa municipal es una contribuci\u00f3n que hacen los vecinos por servicios b\u00e1sicos como alumbrado, barrido, residuos entre otros. Se supone que lo que se recauda de la tasa deber\u00eda solventar esas prestaciones. El municipio tiene un gasto aproximado mensual de siete millones y medio de pesos. Emite una tasa de 3.600.000 millones, o sea que ya est\u00e1 emitiendo menos de lo que se gasta y muchas veces se recauda menos de la mitad de eso\u00bb.<\/p>\n<p>Sin embargo afirm\u00f3 que \u00aben los \u00faltimos dos meses ha mejorado la recaudaci\u00f3n regular de las tasas por la gente que paga\u00bb. \u00abHoy tenemos el 54 por ciento que paga regularmente. Otras comunas de la costa han bajado a menos del 47 cuando siempre recaudaron m\u00e1s.\u00a0La gesti\u00f3n de la deuda es una obligaci\u00f3n, pero es mucho mayor cuando hoy estamos administrando realmente miseria.\u00a0Estamos muy complicados. Venimos pagando el sueldo a nuestros empleados el primer d\u00eda h\u00e1bil de cada mes desde el 10 de diciembre de 2017 que asumimos, y asumimos con paro porque no se pagaban los sueldos. El mes pasado hemos tenido que prorrogar el pago de los funcionarios y concejales, hemos desdoblado y este mes venimos complicados para pagar el personal de planta\u00bb.<\/p>\n<p>Finalmente, concluy\u00f3: \u00abUna decisi\u00f3n del municipio para este a\u00f1o fue que no se incorpora m\u00e1s personal, y tuvimos jubilaciones y renuncias. Ahora en el Concejo estamos discutiendo un aumento en la tasa, en funci\u00f3n al aumento salarial. Los aumentos son cuatrimestrales. Para el mes que viene seg\u00fan los \u00edndices el aumento deber\u00eda ser del 19 por ciento y el Concejo quiere darnos solo el 12. Si hoy es muy dif\u00edcil poder continuar en estas condiciones imaginen afrontar la cl\u00e1usula gatillo. Va a ser muy dif\u00edcil poder cumplir con el acuerdo paritario\u00bb.<\/p>\n<h6>Fuente: Uno<\/h6>\n","protected":false},"excerpt":{"rendered":"<p>As\u00ed lo inform\u00f3 el intendente Silvio Gonz\u00e1lez qui\u00e9n adem\u00e1s dijo sobre el d\u00e9ficit en la ciudad costera: \u00abEn agosto, en n\u00fameros reales, nos faltaron 8 millones de pesos\u00bb<\/p>\n","protected":false},"author":2,"featured_media":94579,"comment_status":"closed","ping_status":"closed","sticky":false,"template":"","format":"standard","meta":{"footnotes":""},"categories":[5],"tags":[10],"class_list":["post-94578","post","type-post","status-publish","format-standard","has-post-thumbnail","hentry","category-informe-economico","tag-santa-fe"],"_links":{"self":[{"href":"http:\/\/argentinamunicipal.com.ar\/argentina\/wp-json\/wp\/v2\/posts\/94578","targetHints":{"allow":["GET"]}}],"collection":[{"href":"http:\/\/argentinamunicipal.com.ar\/argentina\/wp-json\/wp\/v2\/posts"}],"about":[{"href":"http:\/\/argentinamunicipal.com.ar\/argentina\/wp-json\/wp\/v2\/types\/post"}],"author":[{"embeddable":true,"href":"http:\/\/argentinamunicipal.com.ar\/argentina\/wp-json\/wp\/v2\/users\/2"}],"replies":[{"embeddable":true,"href":"http:\/\/argentinamunicipal.com.ar\/argentina\/wp-json\/wp\/v2\/comments?post=94578"}],"version-history":[{"count":0,"href":"http:\/\/argentinamunicipal.com.ar\/argentina\/wp-json\/wp\/v2\/posts\/94578\/revisions"}],"wp:featuredmedia":[{"embeddable":true,"href":"http:\/\/argentinamunicipal.com.ar\/argentina\/wp-json\/wp\/v2\/media\/94579"}],"wp:attachment":[{"href":"http:\/\/argentinamunicipal.com.ar\/argentina\/wp-json\/wp\/v2\/media?parent=94578"}],"wp:term":[{"taxonomy":"category","embeddable":true,"href":"http:\/\/argentinamunicipal.com.ar\/argentina\/wp-json\/wp\/v2\/categories?post=94578"},{"taxonomy":"post_tag","embeddable":true,"href":"http:\/\/argentinamunicipal.com.ar\/argentina\/wp-json\/wp\/v2\/tags?post=94578"}],"curies":[{"name":"wp","href":"https:\/\/api.w.org\/{rel}","templated":true}]}}