{"id":947,"date":"2014-02-13T17:39:18","date_gmt":"2014-02-13T20:39:18","guid":{"rendered":"http:\/\/argentinamunicipal.com.ar\/argentina\/?p=947"},"modified":"2014-02-13T17:39:18","modified_gmt":"2014-02-13T20:39:18","slug":"inspectores-municipales-controlaran-exhibicion-de-precios-en-comercios-de-esquel","status":"publish","type":"post","link":"http:\/\/argentinamunicipal.com.ar\/argentina\/inspectores-municipales-controlaran-exhibicion-de-precios-en-comercios-de-esquel\/","title":{"rendered":"Inspectores municipales controlaran exhibici\u00f3n de precios en comercios de Esquel"},"content":{"rendered":"<p><a href=\"http:\/\/argentinamunicipal.com.ar\/argentina\/wp-content\/uploads\/2014\/02\/Esquel-Centro_th_2.jpg\"><img loading=\"lazy\" decoding=\"async\" class=\"alignright  wp-image-948\" alt=\"Esquel-Centro_th_2\" src=\"http:\/\/argentinamunicipal.com.ar\/argentina\/wp-content\/uploads\/2014\/02\/Esquel-Centro_th_2.jpg\" width=\"480\" height=\"290\" srcset=\"http:\/\/argentinamunicipal.com.ar\/argentina\/wp-content\/uploads\/2014\/02\/Esquel-Centro_th_2.jpg 600w, http:\/\/argentinamunicipal.com.ar\/argentina\/wp-content\/uploads\/2014\/02\/Esquel-Centro_th_2-300x181.jpg 300w\" sizes=\"auto, (max-width: 480px) 100vw, 480px\" \/><\/a>El subsecretario de Gobierno de la Municipalidad de Esquel, Francisco Marciano, anunci\u00f3 que en los pr\u00f3ximos d\u00edas se van a estar aplicando multas a los comercios donde no se exhiban claramente y pesos el valor de los productos que est\u00e1n a la venta, as\u00ed como tambi\u00e9n las formas de pago ofrecidas al consumidor. En di\u00e1logo con EL CHUBUT el funcionario advirti\u00f3 ayer que la decisi\u00f3n de fiscalizar la exhibici\u00f3n de precios \u00abno tiene que ver con los \u00faltimos acuerdos de precios sino con la ordenanza sancionada en el 2007 estableciendo la exhibici\u00f3n de precios en moneda nacional.<\/p>\n<p>Hacemos hincapi\u00e9 en esto por los movimientos de precios que ha habido \u00faltimamente, para que los comercios exhiban de manera correcta los valores de los productos o servicios que brindan\u00bb. Asimismo reconoci\u00f3 que en los \u00faltimos d\u00edas \u00abha habido muchos reclamos y sobre todo ahora con los nuevos acuerdos de precios, con productos a los que no se les pone claramente el precio si es de contado, el valor de lista o de tarjeta de cr\u00e9dito.<\/p>\n<p>Entonces lo que pretendemos es que los comercios se adec\u00faen a esta ordenanza y permitan visualizar correctamente el precio de los productos o de los servicios que prestan.<\/p>\n<p>Se ha recibido reclamos en la oficina de Defensa al Consumidor y concretamente a lo que apuntamos a que todos los productos tengan exhibidos los precios de contado, lo que se llama el precio de lista, tambi\u00e9n tiene que estar aclarado si se acepta tarjeta de cr\u00e9dito, si se acepta tarjeta de d\u00e9bito y todos los valores deben estar expresados en moneda nacional\u00bb. Marciano coment\u00f3 que la falta de exhibici\u00f3n de precios en vidriera tendr\u00eda que ver con los vaivenes inflacionarios.<\/p>\n<p>\u00abCuando se suceden estas corridas, los aumentos de precios, se retiran los precios para poder reacomodarlos, pero nosotros apuntamos a que el cliente, el consumidor, tenga perfectamente claro el valor del producto que esta adquiriendo o que pueda visualizarlo desde la vidriera. A eso es a lo que apunta la ordenanza y en ese marco vamos a trabajar\u00bb. Por lo pronto, subray\u00f3 que \u00abse comenz\u00f3 inmediatamente con las inspecciones, de hecho ayer (por el lunes) se inici\u00f3 un peque\u00f1o relevamiento para tener una idea general\u00bb.<\/p>\n<h2>Defensa al Consumidor<\/h2>\n<p>Sobre la competencia municipal en las inspecciones, el subsecretario de Gobierno reconoci\u00f3 que \u00abel art\u00edculo 5 de la ordenanza establece que el Departamento de Comercio e Inspecci\u00f3n General es el veedor, pero actualmente es competencia de la oficina de Defensa al Consumidor, sucede que la Direcci\u00f3n se creo en el a\u00f1o 2009 y al no actualizarse la ordenanza el poder qued\u00f3 en manos del Departamento de Comercio. Nosotros ya lo estuvimos evaluando con los dos directos y a trav\u00e9s de una ordenanza que esperamos se aprueba vamos a transferir la responsabilidad a la Direcci\u00f3n de Defensa al Consumidor porque entendemos que es competencia de ellos\u00bb.<\/p>\n<p>La municipalidad subray\u00f3 que esta facultada para aplicar multas ante el incumplimiento de la normativa. \u00abLas sanciones las aplica el Tribunal de Faltas, nosotros como en cualquier inspecci\u00f3n elevamos las actas de infracci\u00f3n al Tribunal de Faltas para que resuelva. Esperamos no llegar hasta ese punto pero la aplicaci\u00f3n de la norma es muy sencilla y adecuarse a la norma tambi\u00e9n es muy sencillo, simplemente hay que tener una m\u00ednima exhibici\u00f3n de precios. As\u00ed que entendemos que no vamos a tener que sancionar a nadie\u00bb.<\/p>\n<h2>Precios a la vista<\/h2>\n<p>Por \u00faltimo, resalt\u00f3 que \u00abla idea es defender el bolsillo del consumidor, de la gente que todos los d\u00edas tiene que hacer las compras o en el supermercado o en un almac\u00e9n. Para que tenga la posibilidad sobre todo de cotejar valores.<\/p>\n<p>Por eso apuntamos a poner en marcha esta ordenanza que data de varios a\u00f1os, que en alg\u00fan momento se aplic\u00f3 y luego se desisti\u00f3, el \u00e1rea de Comercio estaba con muchas inspecciones as\u00ed que vamos a elevar esta responsabilidad a la oficina de Defensa al Consumidor, para que el consumidor tenga perfectamente claro el valor del producto o la forma de pago\u00bb.<\/p>\n<pre>Fuente: El Chubut<\/pre>\n","protected":false},"excerpt":{"rendered":"<p>El subsecretario de Gobierno de la Municipalidad de Esquel, Francisco Marciano, anunci\u00f3 que en los pr\u00f3ximos d\u00edas se van a estar aplicando multas a los comercios donde no se exhiban claramente y pesos el valor de los productos que est\u00e1n a la venta, as\u00ed como tambi\u00e9n las formas de pago ofrecidas al consumidor. En di\u00e1logo<\/p>\n","protected":false},"author":1,"featured_media":948,"comment_status":"closed","ping_status":"closed","sticky":false,"template":"","format":"standard","meta":{"footnotes":""},"categories":[2],"tags":[14],"class_list":["post-947","post","type-post","status-publish","format-standard","has-post-thumbnail","hentry","category-informe-municipal","tag-chubut"],"_links":{"self":[{"href":"http:\/\/argentinamunicipal.com.ar\/argentina\/wp-json\/wp\/v2\/posts\/947","targetHints":{"allow":["GET"]}}],"collection":[{"href":"http:\/\/argentinamunicipal.com.ar\/argentina\/wp-json\/wp\/v2\/posts"}],"about":[{"href":"http:\/\/argentinamunicipal.com.ar\/argentina\/wp-json\/wp\/v2\/types\/post"}],"author":[{"embeddable":true,"href":"http:\/\/argentinamunicipal.com.ar\/argentina\/wp-json\/wp\/v2\/users\/1"}],"replies":[{"embeddable":true,"href":"http:\/\/argentinamunicipal.com.ar\/argentina\/wp-json\/wp\/v2\/comments?post=947"}],"version-history":[{"count":0,"href":"http:\/\/argentinamunicipal.com.ar\/argentina\/wp-json\/wp\/v2\/posts\/947\/revisions"}],"wp:featuredmedia":[{"embeddable":true,"href":"http:\/\/argentinamunicipal.com.ar\/argentina\/wp-json\/wp\/v2\/media\/948"}],"wp:attachment":[{"href":"http:\/\/argentinamunicipal.com.ar\/argentina\/wp-json\/wp\/v2\/media?parent=947"}],"wp:term":[{"taxonomy":"category","embeddable":true,"href":"http:\/\/argentinamunicipal.com.ar\/argentina\/wp-json\/wp\/v2\/categories?post=947"},{"taxonomy":"post_tag","embeddable":true,"href":"http:\/\/argentinamunicipal.com.ar\/argentina\/wp-json\/wp\/v2\/tags?post=947"}],"curies":[{"name":"wp","href":"https:\/\/api.w.org\/{rel}","templated":true}]}}