{"id":94805,"date":"2019-10-02T06:48:45","date_gmt":"2019-10-02T09:48:45","guid":{"rendered":"http:\/\/argentinamunicipal.com.ar\/argentina\/?p=94805"},"modified":"2019-10-02T06:48:45","modified_gmt":"2019-10-02T09:48:45","slug":"festram-impulsa-la-regularizacion-de-trabajadores-de-municipios-y-comunas","status":"publish","type":"post","link":"http:\/\/argentinamunicipal.com.ar\/argentina\/festram-impulsa-la-regularizacion-de-trabajadores-de-municipios-y-comunas\/","title":{"rendered":"FESTRAM impulsa la regularizaci\u00f3n de trabajadores de Municipios y Comunas"},"content":{"rendered":"<p>EN VILLA GOBERNADOR G\u00c1LVEZ INGRESARON 98 TRABAJADORAS Y TRABAJADORES AL R\u00c9GIMEN DE LA LEY 9286, CON LOS 7 EMPLEADOS DE SAN JOS\u00c9 DE LA ESQUINA SUMAN M\u00c1S DE 200 REGULARIZADOS EN COMUNAS SANTAFESINAS EN EL \u00daLTIMO MES.<\/p>\n<p>En el d\u00eda de la fecha y con la presencia de los dirigentes de FESTRAM, Miguel Simonutti y Jes\u00fas Monz\u00f3n,\u00a0\u00a0se concret\u00f3 la regularizaci\u00f3n de 98 trabajadoras y trabajadores en la Ciudad de Villa Gobernador G\u00e1lvez por la gesti\u00f3n del Sindicato local que conduce Manuel Rodr\u00edguez.<\/p>\n<p>Cuando FESTRAM logr\u00f3 otorgar el rango de Estabilidad en el Empleo P\u00fablico a los empleados de Municipios y Comunas de la Provincia de Santa Fe luchando y obteniendo la sanci\u00f3n del Estatuto Escalaf\u00f3n, en su Art 134 se establec\u00eda que a los 3 meses de prestar un servicio normal y habitual en las Administraciones locales, el Estado deb\u00eda asegurar la estabilidad consagrada en el Art 14 bis. Fue desde la Municipalidad de Rosario que el entonces Intendente Horacio Usandizaga se present\u00f3 en la Corte Nacional y logr\u00f3 por influencia pol\u00edtica la inconstitucionalidad de este art\u00edculo.<\/p>\n<p>Desde ese momento el uso fraudulento de las contrataciones laborales generaron la precarizaci\u00f3n y la informalidad laboral.<\/p>\n<p>Los Gobiernos de Pol\u00edticas Neoliberales profundizaron esta situaci\u00f3n con la imaginaci\u00f3n propia de explotadores y clientelistas pol\u00edticos. Desde los Planes Trabajar, monotributos, prestadores de servicios, pasantes, becarios, planes de empleo local, cooperativas ilegales, etc., fueron poniendo al Estado como un referente del trabajo precario e informal como pol\u00edtica para reducir el salario y las condiciones de trabajo, en el sector p\u00fablico y privado.<\/p>\n<p>La negativa del Intendente de la ciudad capital impidi\u00f3 avanzar en un convenio colectivo que pusiera fin a la precarizaci\u00f3n laboral y tambi\u00e9n a la designaci\u00f3n de personal pol\u00edtico en las plantas permanentes. Desde FESTRAM presentamos un proyecto de emergencia laboral y el mismo perdi\u00f3, sugestivamente, estado parlamentario.<\/p>\n<p>Actualmente la Organizaci\u00f3n Gremial impulsa la sindicalizaci\u00f3n de los trabajadores y trabajadoras informales o precarizados en los Estados Municipales, para asegurar la continuidad de las fuentes de trabajo. \u201cLas pol\u00edticas de ajuste, desempleo y precarizaci\u00f3n nos han llevado al fracaso. Macri y Corral han sido los m\u00e1ximos exponentes de este desastre social. Debemos estar organizados para iniciar el Pacto Social y defender a los que m\u00e1s necesitan\u201d\u00a0asegur\u00f3 Claudio Leoni titular de FESTRAM.<\/p>\n<h6>\nPRENSA FESTRAM<\/h6>\n","protected":false},"excerpt":{"rendered":"<p>EN VILLA GOBERNADOR G\u00c1LVEZ INGRESARON 98 TRABAJADORAS Y TRABAJADORES AL R\u00c9GIMEN DE LA LEY 9286, CON LOS 7 EMPLEADOS DE SAN JOS\u00c9 DE LA ESQUINA SUMAN M\u00c1S DE 200 REGULARIZADOS EN COMUNAS SANTAFESINAS EN EL \u00daLTIMO MES.<\/p>\n","protected":false},"author":2,"featured_media":94806,"comment_status":"closed","ping_status":"closed","sticky":false,"template":"","format":"standard","meta":{"footnotes":""},"categories":[7],"tags":[10],"class_list":["post-94805","post","type-post","status-publish","format-standard","has-post-thumbnail","hentry","category-informe-sindical","tag-santa-fe"],"_links":{"self":[{"href":"http:\/\/argentinamunicipal.com.ar\/argentina\/wp-json\/wp\/v2\/posts\/94805","targetHints":{"allow":["GET"]}}],"collection":[{"href":"http:\/\/argentinamunicipal.com.ar\/argentina\/wp-json\/wp\/v2\/posts"}],"about":[{"href":"http:\/\/argentinamunicipal.com.ar\/argentina\/wp-json\/wp\/v2\/types\/post"}],"author":[{"embeddable":true,"href":"http:\/\/argentinamunicipal.com.ar\/argentina\/wp-json\/wp\/v2\/users\/2"}],"replies":[{"embeddable":true,"href":"http:\/\/argentinamunicipal.com.ar\/argentina\/wp-json\/wp\/v2\/comments?post=94805"}],"version-history":[{"count":0,"href":"http:\/\/argentinamunicipal.com.ar\/argentina\/wp-json\/wp\/v2\/posts\/94805\/revisions"}],"wp:featuredmedia":[{"embeddable":true,"href":"http:\/\/argentinamunicipal.com.ar\/argentina\/wp-json\/wp\/v2\/media\/94806"}],"wp:attachment":[{"href":"http:\/\/argentinamunicipal.com.ar\/argentina\/wp-json\/wp\/v2\/media?parent=94805"}],"wp:term":[{"taxonomy":"category","embeddable":true,"href":"http:\/\/argentinamunicipal.com.ar\/argentina\/wp-json\/wp\/v2\/categories?post=94805"},{"taxonomy":"post_tag","embeddable":true,"href":"http:\/\/argentinamunicipal.com.ar\/argentina\/wp-json\/wp\/v2\/tags?post=94805"}],"curies":[{"name":"wp","href":"https:\/\/api.w.org\/{rel}","templated":true}]}}