{"id":94838,"date":"2019-10-02T07:31:52","date_gmt":"2019-10-02T10:31:52","guid":{"rendered":"http:\/\/argentinamunicipal.com.ar\/argentina\/?p=94838"},"modified":"2019-10-02T07:31:52","modified_gmt":"2019-10-02T10:31:52","slug":"debido-a-la-crisis-este-ano-cerraron-27-empresas-metalurgicas-en-santa-fe","status":"publish","type":"post","link":"http:\/\/argentinamunicipal.com.ar\/argentina\/debido-a-la-crisis-este-ano-cerraron-27-empresas-metalurgicas-en-santa-fe\/","title":{"rendered":"Debido a la crisis este a\u00f1o cerraron 27 empresas metal\u00fargicas en Santa Fe"},"content":{"rendered":"<p>Seg\u00fan datos del Observatorio Laboral de la UOM hay m\u00e1s de 5.300 trabajadores afectados por Procedimientos Preventivos de Crisis.<\/p>\n<p>La foto fue at\u00edpica, que empresarios y gremialistas metal\u00fargicos est\u00e9n sentados en la misma mesa, y con la misma preocupaci\u00f3n: que la crisis econ\u00f3mica que impacta en el sector no siga avanzando y destruyendo puestos de trabajo y Pymes.<\/p>\n<p>Esta rama de la industria atraviesa por una de las crisis m\u00e1s severas de los \u00faltimos con una ca\u00edda en la producci\u00f3n que llega en algunos rubros al 50 por ciento. \u201cEstamos en el infierno\u201d, grafic\u00f3 -en di\u00e1logo con El Litoral- Miguel Conde, de la Asociaci\u00f3n de Empresarios Metal\u00fargicos, que junto al gremio de la Uni\u00f3n Obrera Metal\u00fargica (UOM), liderado por Antonio Donello, presentaron datos del Observatorio Laboral que elabora el sindicato, que contiene \u00edndices preocupantes.<\/p>\n<p>Todos los indicadores muestran datos desalentadores para un sector clave de la econom\u00eda santafesina. El relevamiento detalla que actualmente son 5363 los trabajadores afectados por Procedimientos Preventivos de Crisis (PPC), 601 las desvinculaciones y 27 las empresas que cerraron este en Santa Fe.<\/p>\n<p>A nivel nacional se perdieron 168.000 puestos de trabajo en 2019, de los cuales un 30 por ciento son metal\u00fargicos. Los sueldos de los trabajadores del sector cayeron en picada un 45,8 por ciento, si se los mide en d\u00f3lares.<\/p>\n<p>Seg\u00fan datos que difundi\u00f3 el gremio de la UOM, en el primer semestre del a\u00f1o se perdieron 601 empleos. Pero para los trabajadores que quedaron en la calle, sin empleo, ser\u00e1 dif\u00edcil que puedan reincorporarse al sector. El 78 por ciento de las firmas consultadas no prev\u00e9 nuevas incorporaciones, y el 63 por ciento manifest\u00f3 la necesidad de reducir la plantilla.<\/p>\n<p><strong>Cifras que alarman<\/strong><\/p>\n<p>Este \u00faltimo a\u00f1o cerraron 27 empresas, que ten\u00edan una planta de personal inferior a 25 trabajadores. La cantidad de procedimientos de crisis abiertos en el Ministerio de Trabajo provincial aumentaron un 20 por ciento en seis meses.<\/p>\n<p>Conde reconoci\u00f3 que la situaci\u00f3n m\u00e1s grave del sector metal\u00fargico se vive en la producci\u00f3n de l\u00ednea blanca, que seg\u00fan el dirigente empresario \u201ccay\u00f3 a menos de la mitad este a\u00f1o, por un descenso fenomenal en las ventas producto de la ca\u00edda de la econom\u00eda y de la falta de cr\u00e9dito\u201d. \u201cEsto es una cosa silenciosa, un c\u00e1ncer que no para de avanzar y come todo\u201d, dijo Conde apelando a otra met\u00e1fora para describir la crisis del sector metal\u00fargico.<\/p>\n<p>\u201cNo hay reposici\u00f3n de trabajadores en el sector. Los trabajadores que se jubilan en una f\u00e1brica no son repuestos por nuevos empleados. Es un achique que es inevitable ante la crisis\u201d, afirm\u00f3 el dirigente de la Asociaci\u00f3n de Empresarios Metal\u00fargicos.<\/p>\n<p>\u201cNuestro sector se ha deprimido de forma exponencial. No hay ninguna industria a la que no le haya tocado reducir turnos de trabajo y\/o personal. Hoy una industria tiene que comprar el material, producirlo, stockearlo, venderlo y cobrarlo y no tiene la espalda para aguantar la inflaci\u00f3n y las tasas, que superan el 80 por ciento\u201d, se\u00f1al\u00f3 Roberto Lenzi, presidente de AIM.<\/p>\n<p>En la conferencia de prensa surgi\u00f3 tambi\u00e9n el tema del bono de 5.000 pesos acordado entre la CGT, el gobierno y las c\u00e1maras empresariales. \u2018Es obligatorio y se tiene que pagar pero se ir\u00e1 viendo qui\u00e9nes pueden pagar de una vez o en cuotas\u2018, dijo Donello, quien sostuvo adem\u00e1s que durante los \u00faltimos meses se ha incrementado \u201costensiblemente\u201d la morosidad en aportes sindicales de Obra Social y Seguro de Vida y Sepelio, como la reiteraci\u00f3n de casos de pagos fraccionados de las remuneraciones y\/o sus aumentos paritarios y\/o decretos del Ejecutivo.<\/p>\n<h6>Fuente: El Litoral<\/h6>\n","protected":false},"excerpt":{"rendered":"<p>Seg\u00fan datos del Observatorio Laboral de la UOM hay m\u00e1s de 5.300 trabajadores afectados por Procedimientos Preventivos de Crisis.<\/p>\n","protected":false},"author":2,"featured_media":94839,"comment_status":"closed","ping_status":"closed","sticky":false,"template":"","format":"standard","meta":{"footnotes":""},"categories":[65],"tags":[10],"class_list":["post-94838","post","type-post","status-publish","format-standard","has-post-thumbnail","hentry","category-provincias","tag-santa-fe"],"_links":{"self":[{"href":"http:\/\/argentinamunicipal.com.ar\/argentina\/wp-json\/wp\/v2\/posts\/94838","targetHints":{"allow":["GET"]}}],"collection":[{"href":"http:\/\/argentinamunicipal.com.ar\/argentina\/wp-json\/wp\/v2\/posts"}],"about":[{"href":"http:\/\/argentinamunicipal.com.ar\/argentina\/wp-json\/wp\/v2\/types\/post"}],"author":[{"embeddable":true,"href":"http:\/\/argentinamunicipal.com.ar\/argentina\/wp-json\/wp\/v2\/users\/2"}],"replies":[{"embeddable":true,"href":"http:\/\/argentinamunicipal.com.ar\/argentina\/wp-json\/wp\/v2\/comments?post=94838"}],"version-history":[{"count":0,"href":"http:\/\/argentinamunicipal.com.ar\/argentina\/wp-json\/wp\/v2\/posts\/94838\/revisions"}],"wp:featuredmedia":[{"embeddable":true,"href":"http:\/\/argentinamunicipal.com.ar\/argentina\/wp-json\/wp\/v2\/media\/94839"}],"wp:attachment":[{"href":"http:\/\/argentinamunicipal.com.ar\/argentina\/wp-json\/wp\/v2\/media?parent=94838"}],"wp:term":[{"taxonomy":"category","embeddable":true,"href":"http:\/\/argentinamunicipal.com.ar\/argentina\/wp-json\/wp\/v2\/categories?post=94838"},{"taxonomy":"post_tag","embeddable":true,"href":"http:\/\/argentinamunicipal.com.ar\/argentina\/wp-json\/wp\/v2\/tags?post=94838"}],"curies":[{"name":"wp","href":"https:\/\/api.w.org\/{rel}","templated":true}]}}