{"id":94841,"date":"2019-10-02T07:35:39","date_gmt":"2019-10-02T10:35:39","guid":{"rendered":"http:\/\/argentinamunicipal.com.ar\/argentina\/?p=94841"},"modified":"2019-10-02T07:35:39","modified_gmt":"2019-10-02T10:35:39","slug":"indigencia-en-santa-fe-es-imposible-vivir-con-siete-mil-pesos-por-mes","status":"publish","type":"post","link":"http:\/\/argentinamunicipal.com.ar\/argentina\/indigencia-en-santa-fe-es-imposible-vivir-con-siete-mil-pesos-por-mes\/","title":{"rendered":"Indigencia en Santa Fe: \u00abEs imposible vivir con siete mil pesos por mes\u00bb"},"content":{"rendered":"<p>Desde el Movimiento Los Sin Techo advierten que hay m\u00e1s de 3.500 ranchos en la ciudad de Santa Fe, y que los datos publicados no consideran la devaluaci\u00f3n econ\u00f3mica despu\u00e9s de las Paso<\/p>\n<p>Este lunes, el Indec dio a conocer los datos oficiales de pobreza en el pa\u00eds sobre el promedio nacional para los aglomerados urbanos: el 35,4% de personas son pobres y 7,7% indigentes. En el Gran Santa Fe el porcentaje de empobrecidos lleg\u00f3 a 38,2% y de indigencia al 5,9%. Al conocer estos n\u00fameros, Jos\u00e9 Luis Ambrosino, integrante del Movimiento Los Sin Techo dijo a UNO Santa Fe: \u00abNo estamos sorprendidos. Son datos dolorosos. En Santa Fe ha habido un cambio muy dr\u00e1stico en las condiciones que quiz\u00e1 no se visualiza en nuestro trabajo cotidiano porque a lo mejor la indigencia, que es un \u00edndice monetario, no crece tanto como la cantidad de ranchos. Y hay que pensar que este informe no tiene incluido la \u00faltima devaluaci\u00f3n\u00bb.<\/p>\n<p>\u00abNormalmente los valores son bravos y dolorosos porque a pesar que ven\u00edamos mal, ten\u00edamos una expectativa de que no sea tan dram\u00e1tico. Nosotros lo que atacamos siempre es la indigencia, que es una obscenidad en la sociedad porque es al que\u00a0no le alcanza para comer.\u00a0Trabajamos sobre 3.500 familias en la ciudad. En el Gran Santa Fe hay hoy aproximadamente 5.000 hogares indigentes, que son unas 12.600 personas. Se ha producido un brusco aumento de una situaci\u00f3n que es la m\u00e1s dolorosa porque una familia con cuatro personas y un ingreso de 31 mil pesos es pobre.\u00a0Pero es muy dif\u00edcil vivir con siete mil u ocho mil pesos, es grav\u00edsimo el tema de la indigencia. Estos datos nos provocan una sensaci\u00f3n de dolor porque no cre\u00edamos que iba a ser tan grande\u00bb, agreg\u00f3.<\/p>\n<p>En este sentido, detall\u00f3 sobre la realidad de santafesinos de la ciudad: \u00abSi usted no puede comer, para qu\u00e9 lo voy a educar, sanar, darle conectividad. Este es el problema grave. Nos da mucha pena, pero de cualquier manera estamos preocupados pero no entregados. Son cifras que para cubrir la brecha en las familias en las que normalmente ingresan ayudas sociales con las de 31 mil pesos, no es imposible de lograr. En este momento la brecha es de $6.000 y un poco m\u00e1s para las 5.300 familias, son 30 millones de pesos que la ciudad necesita para que toda su gente, hasta el m\u00e1s pobre, pueda comer. Es el derecho fundamental\u00bb.<\/p>\n<p>\u00abProponemos que se entreguen en alimentos, que son los que dicen el Indec para que las personas puedan cubrir lo que les falta y que si les entra un manguito m\u00e1s de changas o de alguna tarea, que lo dedique para comprar zapatillas o cuadernos para los chicos. La garant\u00eda tiene que ser que todos podamos comer, y es grave porque se aument\u00f3 mucho respecto de la \u00faltima medici\u00f3n del Indec. Es evidente, porque a cualquier obrero, de clase media, le ha producido un desorden total estos incrementos imprevistos\u00bb, argument\u00f3 sobre las demandas que desde el Movimiento Los Sin Techo les hacen al Estado.<\/p>\n<p>Y detall\u00f3 sobre los presupuestos familiares: \u00abLa Asignaci\u00f3n Universal por Hijo est\u00e1 en 2.252 pesos, la aumentaron en marzo para cubrir la inflaci\u00f3n del 46 por ciento y se van a quedar cortos. Y para marzo de 2020 se va a dar 100 pesos m\u00e1s. Son n\u00fameros que no funcionan.\u00a0Para los indigentes son n\u00fameros de juguete\u00bb.<\/p>\n<p>Alimentaci\u00f3n<\/p>\n<p>\u00abEste jueves a las 10 invitamos a todos los pol\u00edticos, ya sea los que renuevan sus bancas, como a los que pasan a un lugar legislativo, o que fueron electos para gobernar a partir de diciembre, para mostrarles la indigencia de Santa Fe. \u00bfY qu\u00e9 tenemos para eso? Bueno, hemos desarrollado con el Ministerio de la primera infancia de Salta la propuesta de dar en alimentos, con prote\u00ednas, verduras, lo que cualquiera quiere para comer\u00bb, agreg\u00f3 Ambrosino.<\/p>\n<p>En la comparaci\u00f3n con el promedio nacional\u00a0de los aglomerados urbanos surge que el n\u00famero de\u00a0la pobreza est\u00e1 casi tres puntos por encima en el Gran Santa Fe. Mientras que en\u00a0la indigencia\u00a0la cifra local es\u00a0casi dos puntos inferior a la media nacional. Y los m\u00e1s afectados, son los j\u00f3venes menores de 15 a\u00f1os: \u00abLo que no se logra en los primeros a\u00f1os de vida y de infancia, no se logra m\u00e1s. Llega disminuido el cerebro, el sistema de defensa general. Le cuesta m\u00e1s al Estado que est\u00e9 40 a\u00f1os enfermo que haber resuelto el problema en los primeros siete u ocho a\u00f1os de vida\u00bb.<\/p>\n<h6>Fuente: Uno<\/h6>\n","protected":false},"excerpt":{"rendered":"<p>Desde el Movimiento Los Sin Techo advierten que hay m\u00e1s de 3.500 ranchos en la ciudad de Santa Fe, y que los datos publicados no consideran la devaluaci\u00f3n econ\u00f3mica despu\u00e9s de las Paso<\/p>\n","protected":false},"author":2,"featured_media":94842,"comment_status":"closed","ping_status":"closed","sticky":false,"template":"","format":"standard","meta":{"footnotes":""},"categories":[2],"tags":[10],"class_list":["post-94841","post","type-post","status-publish","format-standard","has-post-thumbnail","hentry","category-informe-municipal","tag-santa-fe"],"_links":{"self":[{"href":"http:\/\/argentinamunicipal.com.ar\/argentina\/wp-json\/wp\/v2\/posts\/94841","targetHints":{"allow":["GET"]}}],"collection":[{"href":"http:\/\/argentinamunicipal.com.ar\/argentina\/wp-json\/wp\/v2\/posts"}],"about":[{"href":"http:\/\/argentinamunicipal.com.ar\/argentina\/wp-json\/wp\/v2\/types\/post"}],"author":[{"embeddable":true,"href":"http:\/\/argentinamunicipal.com.ar\/argentina\/wp-json\/wp\/v2\/users\/2"}],"replies":[{"embeddable":true,"href":"http:\/\/argentinamunicipal.com.ar\/argentina\/wp-json\/wp\/v2\/comments?post=94841"}],"version-history":[{"count":0,"href":"http:\/\/argentinamunicipal.com.ar\/argentina\/wp-json\/wp\/v2\/posts\/94841\/revisions"}],"wp:featuredmedia":[{"embeddable":true,"href":"http:\/\/argentinamunicipal.com.ar\/argentina\/wp-json\/wp\/v2\/media\/94842"}],"wp:attachment":[{"href":"http:\/\/argentinamunicipal.com.ar\/argentina\/wp-json\/wp\/v2\/media?parent=94841"}],"wp:term":[{"taxonomy":"category","embeddable":true,"href":"http:\/\/argentinamunicipal.com.ar\/argentina\/wp-json\/wp\/v2\/categories?post=94841"},{"taxonomy":"post_tag","embeddable":true,"href":"http:\/\/argentinamunicipal.com.ar\/argentina\/wp-json\/wp\/v2\/tags?post=94841"}],"curies":[{"name":"wp","href":"https:\/\/api.w.org\/{rel}","templated":true}]}}