{"id":94844,"date":"2019-10-02T07:38:28","date_gmt":"2019-10-02T10:38:28","guid":{"rendered":"http:\/\/argentinamunicipal.com.ar\/argentina\/?p=94844"},"modified":"2019-10-02T07:38:28","modified_gmt":"2019-10-02T10:38:28","slug":"ya-hay-escuelas-rosarinas-donde-piden-abrir-los-comedores-durante-la-noche","status":"publish","type":"post","link":"http:\/\/argentinamunicipal.com.ar\/argentina\/ya-hay-escuelas-rosarinas-donde-piden-abrir-los-comedores-durante-la-noche\/","title":{"rendered":"Ya hay escuelas rosarinas donde piden abrir los comedores durante la noche"},"content":{"rendered":"<p>Los asistentes escolares aseguran que los chicos \u00abbuscan comer algo caliente\u00bb al terminar el d\u00eda. Hoy se reunir\u00e1n con la delegada del Ministerio de Educaci\u00f3n en Rosario para expresar sus problemas y demandas.<\/p>\n<p>En escuelas de las zonas m\u00e1s marginales de Rosario las directoras est\u00e1n solicitando que los comedores escolares abran de noche para satisfacer la demanda de los chicos que van en ese turno y que hoy s\u00f3lo comen s\u00e1ndwiches.<\/p>\n<p>\u00abLa necesidad es muy grande y ya no alcanza con estas raciones fr\u00edas, es muy triste lo que estamos viendo\u00bb, admiti\u00f3 la coordinadora de los asistentes escolares de UPCN en la ciudad, Cristina Vergara, quien hoy tendr\u00e1 una reuni\u00f3n con la delegada de la Regi\u00f3n VI del Ministerio de Educaci\u00f3n, Daiana Gallo Ambrosis, para trasladar esta inquietud y analizar si se puede dar una respuesta.<\/p>\n<p>\u00abHoy estos pibes necesitan comer igual que los que van a la ma\u00f1ana y a la tarde y ese planteo es el que le vamos a trasladar a las autoridad<\/p>\n<p>As\u00ed, un d\u00eda despu\u00e9s de que el Instituto Nacional de Estad\u00edsticas y Censos (Indec) dio a conocer el \u00faltimo \u00edndice de pobreza, que en Rosario alcanza al 35,5 por ciento de la poblaci\u00f3n, los datos siguen golpeando muy duro y dejan en evidencia las carencias y el hambre que afectan a muchos rosarinos.<\/p>\n<p>Seg\u00fan revel\u00f3 Vergara,\u00a0la escuela situada en Rouill\u00f3n y bulevar Segu\u00ed es una de las que traslad\u00f3 la inquietud de abrir el comedor a la noche. \u00abAh\u00ed funciona un Eempa primario al que concurren chicos de entre 15 y 20 a\u00f1os, pero a la noche el comedor no est\u00e1 abierto, as\u00ed que quedan raciones fr\u00edas para que puedan comer algo, que generalmente es lo \u00fanico que comen en todo el d\u00eda\u00bb, asegur\u00f3 la asistente escolar.<\/p>\n<p>\u00abLa necesidad que pasan estos chicos lleva a las directoras a trasladarnos esta inquietud, ya que ya no les alcanza con un s\u00e1ndwich. Necesitan comer alg\u00fan plato de comida caliente\u00bb, precis\u00f3 Vergara, que en los \u00faltimos a\u00f1os se ha convertido en testigo directo de lo que sucede en los comedores escolares de la ciudad.<\/p>\n<p>\u00abHoy estos pibes necesitan comer igual que los que van a la ma\u00f1ana y a la tarde y ese planteo es el que le vamos a trasladar a las autoridades del Ministerio\u00bb, remarc\u00f3 la dirigente gremial.<\/p>\n<p>Vergara precis\u00f3 que las escuelas donde se traslad\u00f3 al gremio la inquietud de abrir los comedores \u00abya son tres, est\u00e1n ubicadas en las zonas perif\u00e9ricas de la ciudad, y ah\u00ed los chicos concurren a la noche para terminar la primaria\u00bb.<\/p>\n<p><strong>Alarmante<\/strong><\/p>\n<p>La coordinadora de los asistentes escolares en Rosario admiti\u00f3 que lo que est\u00e1n viendo en los comedores escolares \u00abes alarmante. Esto lo venimos viendo hace rato, hay mucha necesidad. Cada vez hay m\u00e1s chicos en los comedores y, la mayor\u00eda, el plato que comen en la escuela es lo \u00fanico que ingieren en todo el d\u00eda\u00bb, admiti\u00f3.<\/p>\n<p>De acuerdo a los datos que difundi\u00f3 el Indec, a nivel nacional, entre la poblaci\u00f3n de menores de 14 a\u00f1os la pobreza afect\u00f3 al 52,6 por ciento. Es decir que casi 4 millones de chicos menores de esa edad son pobres, una cifra que creci\u00f3 en un a\u00f1o 1,3 mill\u00f3n.<\/p>\n<p>En Rosario, en tanto, las cifras tambi\u00e9n son alarmantes: 466.123 personas son pobres y pueblan 118.959 hogares.\u00a0En la indigencia, en tanto, en la ciudad hay 20.504 hogares en los que viven 74.712 personas.<\/p>\n<p>Algo es seguro, mientras cada vez hay m\u00e1s pobres, crece la demanda alimentaria y eso se percibe no s\u00f3lo en las escuelas sino tambi\u00e9n en los merenderos que dependen de C\u00e1ritas, donde el efecto de la inflaci\u00f3n tambi\u00e9n deja su impronta en los bolsones de alimentos, que traen menos productos (ver p\u00e1gina 4) y se sustentan b\u00e1sicamente con fondos provinciales y de C\u00e1ritas, ya que el aporte del gobierno nacional es exiguo.<\/p>\n<p>Esto enciende las alarmas en la Iglesia cat\u00f3lica. Si bien el vicario general de la Arquidi\u00f3cesis de Rosario,\u00a0Emilio Cardarelli, destac\u00f3 ayer que \u00ablamentablemente los \u00edndices de pobreza no sorprenden\u00bb, remarc\u00f3 que \u00absalir de la pobreza es la gran deuda de la democracia\u00bb.<\/p>\n<h6>Fuente: La Capital<\/h6>\n","protected":false},"excerpt":{"rendered":"<p>Los asistentes escolares aseguran que los chicos \u00abbuscan comer algo caliente\u00bb al terminar el d\u00eda. Hoy se reunir\u00e1n con la delegada del Ministerio de Educaci\u00f3n en Rosario para expresar sus problemas y demandas.<\/p>\n","protected":false},"author":2,"featured_media":94845,"comment_status":"closed","ping_status":"closed","sticky":false,"template":"","format":"standard","meta":{"footnotes":""},"categories":[2],"tags":[10],"class_list":["post-94844","post","type-post","status-publish","format-standard","has-post-thumbnail","hentry","category-informe-municipal","tag-santa-fe"],"_links":{"self":[{"href":"http:\/\/argentinamunicipal.com.ar\/argentina\/wp-json\/wp\/v2\/posts\/94844","targetHints":{"allow":["GET"]}}],"collection":[{"href":"http:\/\/argentinamunicipal.com.ar\/argentina\/wp-json\/wp\/v2\/posts"}],"about":[{"href":"http:\/\/argentinamunicipal.com.ar\/argentina\/wp-json\/wp\/v2\/types\/post"}],"author":[{"embeddable":true,"href":"http:\/\/argentinamunicipal.com.ar\/argentina\/wp-json\/wp\/v2\/users\/2"}],"replies":[{"embeddable":true,"href":"http:\/\/argentinamunicipal.com.ar\/argentina\/wp-json\/wp\/v2\/comments?post=94844"}],"version-history":[{"count":0,"href":"http:\/\/argentinamunicipal.com.ar\/argentina\/wp-json\/wp\/v2\/posts\/94844\/revisions"}],"wp:featuredmedia":[{"embeddable":true,"href":"http:\/\/argentinamunicipal.com.ar\/argentina\/wp-json\/wp\/v2\/media\/94845"}],"wp:attachment":[{"href":"http:\/\/argentinamunicipal.com.ar\/argentina\/wp-json\/wp\/v2\/media?parent=94844"}],"wp:term":[{"taxonomy":"category","embeddable":true,"href":"http:\/\/argentinamunicipal.com.ar\/argentina\/wp-json\/wp\/v2\/categories?post=94844"},{"taxonomy":"post_tag","embeddable":true,"href":"http:\/\/argentinamunicipal.com.ar\/argentina\/wp-json\/wp\/v2\/tags?post=94844"}],"curies":[{"name":"wp","href":"https:\/\/api.w.org\/{rel}","templated":true}]}}