{"id":95035,"date":"2019-10-08T04:47:53","date_gmt":"2019-10-08T07:47:53","guid":{"rendered":"http:\/\/argentinamunicipal.com.ar\/argentina\/?p=95035"},"modified":"2019-10-08T06:51:27","modified_gmt":"2019-10-08T09:51:27","slug":"quimicos-cerraron-dos-fabricas-en-los-ultimos-dos-meses-en-santa-fe","status":"publish","type":"post","link":"http:\/\/argentinamunicipal.com.ar\/argentina\/quimicos-cerraron-dos-fabricas-en-los-ultimos-dos-meses-en-santa-fe\/","title":{"rendered":"Qu\u00edmicos: cerraron dos f\u00e1bricas en los \u00faltimos dos meses en Santa Fe"},"content":{"rendered":"<p>Bajaron las persianas plantas en Venado Tuerto, Alvarez y Rosario. El titular del gremio explic\u00f3 que quedaron en la calle 50 personas.<\/p>\n<p>En dos meses, dos empresas del sector qu\u00edmico de la regi\u00f3n cerraron sus puertas, con un saldo de casi cincuenta nuevos desempleados. El total de despidos durante el \u00faltimo a\u00f1o asciende a unos 66 en el rubro, mientras que una gran cantidad de puestos se mantienen a duras penas a partir de los procedimientos preventivos de crisis en el Ministerio de Trabajo, y por acuerdos para reducir la carga horaria.<\/p>\n<p>El cierre m\u00e1s reciente se dio en la firma venadense Meplabat, de siete a\u00f1os de antig\u00fcedad, dedicada a la fabricaci\u00f3n de acumuladores, pilas y bater\u00edas primarias. All\u00ed hab\u00eda cinco trabajadores.<\/p>\n<p>Otra que cerr\u00f3 semanas atr\u00e1s fue f\u00e1brica de pirotecnia Free Colors, de la localidad de Alvarez, donde quedaban 28 de los 90 empleados que supo tener en mejores \u00e9pocas. La empresa ten\u00eda 40 a\u00f1os de trayectoria.<\/p>\n<p>\u00abHay empresas en las que un d\u00eda vas a trabajar y encontr\u00e1s un candado en el port\u00f3n. Por lo menos estos empresarios se comportaron de otra manera y pagaron el 100 por ciento de las indemnizaciones. La gente sab\u00eda que iba a pasar, ya lo ven\u00edan viendo porque ten\u00edan reuniones con los due\u00f1os y hab\u00eda pocas tareas, pero quedaron sin trabajo, es horrible\u00bb, lament\u00f3 el titular del Sindicato de Qu\u00edmicos de Rosario, Jos\u00e9 Luis Coronel.<\/p>\n<p>El dirigente, precisamente, es ex empleado de la compa\u00f1\u00eda S\u00edntesis Qu\u00edmica, de Fighiera. \u00abEramos 40 y en octubre del a\u00f1o pasado quedamos todos en la calle, sin indemnizaci\u00f3n porque la empresa present\u00f3 quiebra\u00bb, record\u00f3.<\/p>\n<p>La crisis en el sector qu\u00edmico \u00abno ha sido tan grave como en otros casos. La mayor\u00eda de los gremios est\u00e1n teniendo grav\u00edsimos problemas y creemos que se trata de las malas pol\u00edticas del gobierno actual. Nosotros contamos con 96 empresas, de las cuales tres est\u00e1n con preventiva de crisis que ya venimos firmando por tercera o cuarta vez pr\u00f3rrogas por seis meses, como dicta la ley. Tambi\u00e9n hay una f\u00e1brica de colchones en Alvear que funciona con reducci\u00f3n horaria a la mitad por falta de trabajo\u00bb, detall\u00f3 el dirigente.<\/p>\n<p>\u00abEn el \u00faltimo a\u00f1o contabilizamos entre 70 y 80 trabajadores despedidos, incluidos estos 50 de los dos \u00faltimos meses\u00bb, se\u00f1al\u00f3 Coronel, y analiz\u00f3 que en varios casos la ca\u00edda de las empresas tuvo que ver con la \u00faltima y brutal corrida cambiaria.<\/p>\n<p>\u00abEsta disparada hizo da\u00f1o en todos lados porque la mayor\u00eda de los productos que trabajan en el sector son en d\u00f3lares, y a los empresarios se les complica much\u00edsimo comprar la materia prima. As\u00ed se hace imposible sostener la actividad, sin contar el agotamiento de soportar casi cuatro a\u00f1os de estos padecimientos\u00bb, se\u00f1al\u00f3 el titular del gremio qu\u00edmico.<\/p>\n<p>Trigo: p\u00e9rdidas en los rindes<\/p>\n<p>En la regi\u00f3n n\u00facleo ya se estiman p\u00e9rdidas entre 10 por ciento y 40 por ciento en los cultivos de trigo, ya que un cuarto de la superficie implantada ingres\u00f3 en su per\u00edodo cr\u00edtico en condici\u00f3n regular. As\u00ed lo se\u00f1al\u00f3 el informe de la Gu\u00eda Estrat\u00e9gica para el Agro (GEA) de la Bolsa de Rosario difundido ayer, el cual se\u00f1ala que, \u00abaunque se esperan lluvias y lloviznas d\u00e9biles y aisladas, seguir\u00e1n siendo muy escasas\u00bb para lo que requiere el cereal. Hacia el sur de Santa Fe, oeste bonaerense y este cordob\u00e9s, las p\u00e9rdidas trepan del 20 al 40 por ciento. \u00abLos pron\u00f3sticos no son alentadores, y si no llueve pronto, hasta los lotes muy buenos sufrir\u00e1n un gran impacto\u00bb, concluy\u00f3 GEA.<\/p>\n<h6>Fuente: La Capital<\/h6>\n","protected":false},"excerpt":{"rendered":"<p>Bajaron las persianas plantas en Venado Tuerto, Alvarez y Rosario. El titular del gremio explic\u00f3 que quedaron en la calle 50 personas.<\/p>\n","protected":false},"author":2,"featured_media":95036,"comment_status":"closed","ping_status":"closed","sticky":false,"template":"","format":"standard","meta":{"footnotes":""},"categories":[2],"tags":[10],"class_list":["post-95035","post","type-post","status-publish","format-standard","has-post-thumbnail","hentry","category-informe-municipal","tag-santa-fe"],"_links":{"self":[{"href":"http:\/\/argentinamunicipal.com.ar\/argentina\/wp-json\/wp\/v2\/posts\/95035","targetHints":{"allow":["GET"]}}],"collection":[{"href":"http:\/\/argentinamunicipal.com.ar\/argentina\/wp-json\/wp\/v2\/posts"}],"about":[{"href":"http:\/\/argentinamunicipal.com.ar\/argentina\/wp-json\/wp\/v2\/types\/post"}],"author":[{"embeddable":true,"href":"http:\/\/argentinamunicipal.com.ar\/argentina\/wp-json\/wp\/v2\/users\/2"}],"replies":[{"embeddable":true,"href":"http:\/\/argentinamunicipal.com.ar\/argentina\/wp-json\/wp\/v2\/comments?post=95035"}],"version-history":[{"count":0,"href":"http:\/\/argentinamunicipal.com.ar\/argentina\/wp-json\/wp\/v2\/posts\/95035\/revisions"}],"wp:featuredmedia":[{"embeddable":true,"href":"http:\/\/argentinamunicipal.com.ar\/argentina\/wp-json\/wp\/v2\/media\/95036"}],"wp:attachment":[{"href":"http:\/\/argentinamunicipal.com.ar\/argentina\/wp-json\/wp\/v2\/media?parent=95035"}],"wp:term":[{"taxonomy":"category","embeddable":true,"href":"http:\/\/argentinamunicipal.com.ar\/argentina\/wp-json\/wp\/v2\/categories?post=95035"},{"taxonomy":"post_tag","embeddable":true,"href":"http:\/\/argentinamunicipal.com.ar\/argentina\/wp-json\/wp\/v2\/tags?post=95035"}],"curies":[{"name":"wp","href":"https:\/\/api.w.org\/{rel}","templated":true}]}}