{"id":95053,"date":"2019-10-08T04:20:06","date_gmt":"2019-10-08T07:20:06","guid":{"rendered":"http:\/\/argentinamunicipal.com.ar\/argentina\/?p=95053"},"modified":"2019-10-08T07:29:22","modified_gmt":"2019-10-08T10:29:22","slug":"cada-vez-menos-oferta-en-las-oficinas-de-empleo-de-santa-fe","status":"publish","type":"post","link":"http:\/\/argentinamunicipal.com.ar\/argentina\/cada-vez-menos-oferta-en-las-oficinas-de-empleo-de-santa-fe\/","title":{"rendered":"Cada vez menos oferta en las oficinas de Empleo de Santa Fe"},"content":{"rendered":"<p>El n\u00famero de personas que buscan empleo en la Direcci\u00f3n de Empleo se mantuvo, pero baj\u00f3 la oferta de las empresas.<\/p>\n<p>La Direcci\u00f3n de Empleo del municipio tiene oficinas en todos los centros municipales de distrito, hasta all\u00ed llegan unas 14 mil personas al a\u00f1o que necesitan empleo; un n\u00famero que se mantiene m\u00e1s o menos estable. Lo que empez\u00f3 a mermar, sobre todo este a\u00f1o, es la cantidad de empresas que se acercan a buscar trabajadores.<\/p>\n<p>\u201cLo que vemos en las oficinas de empleo, a ciencia cierta, no vemos un aumento en la cantidad de consultas. En los distritos, en general, siempre hemos tenido mucha cantidad de consultas. Durante el a\u00f1o pasado sumamos unas 14 mil y en este primer semestre hubo unas 7.200, no han crecido tanto. L\u00f3gicamente lo que s\u00ed se ve es que tenemos menos cantidad de empresas que piden trabajadores, hubo una ca\u00edda en la demanda laboral, entre el a\u00f1o pasado y el primer semestre de este a\u00f1o\u201d, se\u00f1ala la subsecretaria de Producci\u00f3n del municipio, Fernanda Ghilardi.<\/p>\n<p>La funcionaria destaca que el aumento de la b\u00fasqueda laboral tiene que ver con \u201cun claro problema de falta de ingresos o p\u00e9rdida de ingreso\u201d, pero tambi\u00e9n se relaciona \u201ccon un hecho a destacar, que marcan varios economistas, y es que la creaci\u00f3n de empleo que se estuvo dando en los \u00faltimos a\u00f1os fue un empleo de baja calidad, generalmente cuentapropistas o empleo informal, en negro\u201d.<\/p>\n<p>Y apunt\u00f3 que el descenso en los puestos de trabajos solicitados con las empresas es concomitante con la ca\u00edda del empleo registrado en la ciudad. \u201cLa ca\u00edda en la demanda laboral coincide con la ca\u00edda del empleo registrado\u201d, destaca.<\/p>\n<p>En las oficinas de los centros municipales de distrito se ofrece asesoramiento integral en materia de trabajo y orientaci\u00f3n personalizada a quienes est\u00e1n encarando la b\u00fasqueda de empleo. Se realizan talleres de capacitaci\u00f3n para el trabajo, de confecci\u00f3n de curr\u00edculums y preparaci\u00f3n de entrevistas laborales.<\/p>\n<p>Y adem\u00e1s se ofrece asesoramiento sobre seguros de desempleo y asistencia para el desarrollo de emprendimientos.<\/p>\n<h6>Fuente: Sin Mordaza<\/h6>\n","protected":false},"excerpt":{"rendered":"<p>El n\u00famero de personas que buscan empleo en la Direcci\u00f3n de Empleo se mantuvo, pero baj\u00f3 la oferta de las empresas.<\/p>\n","protected":false},"author":2,"featured_media":95054,"comment_status":"closed","ping_status":"closed","sticky":false,"template":"","format":"standard","meta":{"footnotes":""},"categories":[2],"tags":[10],"class_list":["post-95053","post","type-post","status-publish","format-standard","has-post-thumbnail","hentry","category-informe-municipal","tag-santa-fe"],"_links":{"self":[{"href":"http:\/\/argentinamunicipal.com.ar\/argentina\/wp-json\/wp\/v2\/posts\/95053","targetHints":{"allow":["GET"]}}],"collection":[{"href":"http:\/\/argentinamunicipal.com.ar\/argentina\/wp-json\/wp\/v2\/posts"}],"about":[{"href":"http:\/\/argentinamunicipal.com.ar\/argentina\/wp-json\/wp\/v2\/types\/post"}],"author":[{"embeddable":true,"href":"http:\/\/argentinamunicipal.com.ar\/argentina\/wp-json\/wp\/v2\/users\/2"}],"replies":[{"embeddable":true,"href":"http:\/\/argentinamunicipal.com.ar\/argentina\/wp-json\/wp\/v2\/comments?post=95053"}],"version-history":[{"count":0,"href":"http:\/\/argentinamunicipal.com.ar\/argentina\/wp-json\/wp\/v2\/posts\/95053\/revisions"}],"wp:featuredmedia":[{"embeddable":true,"href":"http:\/\/argentinamunicipal.com.ar\/argentina\/wp-json\/wp\/v2\/media\/95054"}],"wp:attachment":[{"href":"http:\/\/argentinamunicipal.com.ar\/argentina\/wp-json\/wp\/v2\/media?parent=95053"}],"wp:term":[{"taxonomy":"category","embeddable":true,"href":"http:\/\/argentinamunicipal.com.ar\/argentina\/wp-json\/wp\/v2\/categories?post=95053"},{"taxonomy":"post_tag","embeddable":true,"href":"http:\/\/argentinamunicipal.com.ar\/argentina\/wp-json\/wp\/v2\/tags?post=95053"}],"curies":[{"name":"wp","href":"https:\/\/api.w.org\/{rel}","templated":true}]}}