{"id":95215,"date":"2019-10-10T20:31:52","date_gmt":"2019-10-10T23:31:52","guid":{"rendered":"http:\/\/argentinamunicipal.com.ar\/argentina\/?p=95215"},"modified":"2019-10-10T20:31:52","modified_gmt":"2019-10-10T23:31:52","slug":"xxii-fiesta-nacional-e-internacional-del-caballo-trancas-tucuman","status":"publish","type":"post","link":"http:\/\/argentinamunicipal.com.ar\/argentina\/xxii-fiesta-nacional-e-internacional-del-caballo-trancas-tucuman\/","title":{"rendered":"XXII Fiesta Nacional e Internacional del Caballo, Trancas, Tucum\u00e1n"},"content":{"rendered":"<p>Una nueva edici\u00f3n, la n\u00famero 22, se llevar\u00e1 a cabo en Trancas desde el viernes 11 al domingo 13 de octubre. LV12<br \/>\nEste viernes, mediante una conferencia de prensa, se present\u00f3 la\u00a0XXII Fiesta Nacional e Internacional del Caballo. La misma se llevar\u00e1 a cabo desde el 11 hasta el 13 del corriente mes en la localidad de\u00a0Trancas.\u00a0LV12 Radio Independencia\u00a0te acercar\u00e1 la transmisi\u00f3n de las tres jornadas.<\/p>\n<p>La cartelera ser\u00e1 variada y tendr\u00e1 m\u00fasicos de primer nivel a nivel provincial y nacional. El viernes comenzar\u00e1 con decenas de art\u00edstas, entre los m\u00e1s reconocidos estar\u00e1n: Destino San Javier, El Chaque\u00f1o Palavecino y Luciano Pereyra, entre los m\u00e1s populares.<\/p>\n<p>Durante la jornada del s\u00e1bado, otros veinte artistas se subir\u00e1n al escenario. En este caso, se destacan Los Tekis, Ricky Maravilla y Gladys \u00abLa Bomba Tucumana\u00bb.<\/p>\n<p>El domingo, en la \u00faltima funci\u00f3n del festival, se presentar\u00e1n Sergio Galleguillo, los hermanos Cuti y Roberto Carabajal, Nahuel Pennisi y Am\u00e9rico.<\/p>\n<p>\u201cRealmente un placer llegarme a Trancas, en primer lugar agradecer a los medios de difusi\u00f3n que est\u00e1n presentes. Es todo un s\u00edmbolo. Tenemos que ser federales tambi\u00e9n en nuestra provincia\u201d, se\u00f1al\u00f3 el ministro del Interior, Miguel Acevedo.<\/p>\n<p>Las entradas tienen un valor de $350 en cada uno de los d\u00edas y se las puede conseguir a trav\u00e9s de Auto Entrada.<\/p>\n","protected":false},"excerpt":{"rendered":"<p>Una nueva edici\u00f3n, la n\u00famero 22, se llevar\u00e1 a cabo en Trancas desde el viernes 11 al domingo 13 de octubre.<\/p>\n","protected":false},"author":2,"featured_media":95216,"comment_status":"closed","ping_status":"closed","sticky":false,"template":"","format":"standard","meta":{"footnotes":""},"categories":[47],"tags":[33],"class_list":["post-95215","post","type-post","status-publish","format-standard","has-post-thumbnail","hentry","category-fiestas","tag-tucuman"],"_links":{"self":[{"href":"http:\/\/argentinamunicipal.com.ar\/argentina\/wp-json\/wp\/v2\/posts\/95215","targetHints":{"allow":["GET"]}}],"collection":[{"href":"http:\/\/argentinamunicipal.com.ar\/argentina\/wp-json\/wp\/v2\/posts"}],"about":[{"href":"http:\/\/argentinamunicipal.com.ar\/argentina\/wp-json\/wp\/v2\/types\/post"}],"author":[{"embeddable":true,"href":"http:\/\/argentinamunicipal.com.ar\/argentina\/wp-json\/wp\/v2\/users\/2"}],"replies":[{"embeddable":true,"href":"http:\/\/argentinamunicipal.com.ar\/argentina\/wp-json\/wp\/v2\/comments?post=95215"}],"version-history":[{"count":0,"href":"http:\/\/argentinamunicipal.com.ar\/argentina\/wp-json\/wp\/v2\/posts\/95215\/revisions"}],"wp:featuredmedia":[{"embeddable":true,"href":"http:\/\/argentinamunicipal.com.ar\/argentina\/wp-json\/wp\/v2\/media\/95216"}],"wp:attachment":[{"href":"http:\/\/argentinamunicipal.com.ar\/argentina\/wp-json\/wp\/v2\/media?parent=95215"}],"wp:term":[{"taxonomy":"category","embeddable":true,"href":"http:\/\/argentinamunicipal.com.ar\/argentina\/wp-json\/wp\/v2\/categories?post=95215"},{"taxonomy":"post_tag","embeddable":true,"href":"http:\/\/argentinamunicipal.com.ar\/argentina\/wp-json\/wp\/v2\/tags?post=95215"}],"curies":[{"name":"wp","href":"https:\/\/api.w.org\/{rel}","templated":true}]}}