{"id":95265,"date":"2019-10-11T07:55:03","date_gmt":"2019-10-11T10:55:03","guid":{"rendered":"http:\/\/argentinamunicipal.com.ar\/argentina\/?p=95265"},"modified":"2019-10-11T07:55:03","modified_gmt":"2019-10-11T10:55:03","slug":"santa-fe-municipios-y-comunas-reclaman-consenso-para-destrabar-fondos","status":"publish","type":"post","link":"http:\/\/argentinamunicipal.com.ar\/argentina\/santa-fe-municipios-y-comunas-reclaman-consenso-para-destrabar-fondos\/","title":{"rendered":"Santa Fe: Municipios y comunas reclaman consenso para destrabar fondos"},"content":{"rendered":"<p>Intendentes y presidentes comunales, en funciones y electos, expusieron su preocupaci\u00f3n por las finanzas. Temen que una pulseada pol\u00edtica entre C\u00e1maras demore m\u00e1s la llegada de recursos.<\/p>\n<p>Por primera vez los reclamos de Santa Fe y Rosario comparten el mismo escenario que los dem\u00e1s intendentes y presidentes comunales. Entre otros, estuvo el intendente electo de Santa Fe, Emilio Jat\u00f3n.<\/p>\n<p>Con el vicegobernador Carlos Fascendini en la presidencia, flanqueado por los jefes de los bloques del oficialismo, Felipe Michlig y de la oposici\u00f3n, Armando Traferri, intendentes, presidentes comunales y dirigentes pol\u00edticos que asumir\u00e1n pr\u00f3ximamente esas funciones, se reunieron en el recinto de la C\u00e1mara de Senadores para exponer su dif\u00edcil situaci\u00f3n financiera.<\/p>\n<p>La necesidad de contar con fondos para enfrentar gastos corrientes y el reclamo a los legisladores para que encuentren una f\u00f3rmula de consenso en el corto plazo para viabilizar la llegada de recursos, fue el eje de los pedidos que desde los pueblos y ciudades del interior se trasladaron a los senadores presentes.<\/p>\n<p>En el temario figuraron la ampliaci\u00f3n del Plan Abre que hoy llega solo a Santa Fe y Rosario a todos los municipios; la autorizaci\u00f3n para usar hasta un 50% del Fondo de Obras Menores para pagar sobre todo sueldos y alg\u00fan otro gasto corriente; y lo que genera m\u00e1s pol\u00e9micas en la Legislatura: la inclusi\u00f3n en esa ley de las dos ciudades m\u00e1s pobladas de la provincia.<\/p>\n<p>Del encuentro participaron tanto intendentes y jefes comunales del oficialismo y la oposici\u00f3n, as\u00ed como senadores de sendos sectores.<\/p>\n<p>La reuni\u00f3n es una suerte de reacci\u00f3n -dentro y fuera del Senado- a la posibilidad de que la falta de acuerdos pol\u00edticos entre quienes dejan la Casa Gris y quienes se aprestan a volver trabe, en la Legislatura, el tratamiento de la norma de excepci\u00f3n para obras menores.<\/p>\n<p>Desde hace 13 a\u00f1os, se aprueban autorizaciones (por distintos porcentajes) para usar fondos de asignaci\u00f3n espec\u00edfica para obras para cubrir los rojos del funcionamiento de las administraciones municipales y comunales. Pero este a\u00f1o en esa discusi\u00f3n se ha agregado -con los cambios que Diputados hizo del proyecto que hab\u00eda aprobado el Senado- la inclusi\u00f3n de las ciudades de Santa Fe y Rosario en esos beneficios.<\/p>\n<p>El Fondo de Obras Menores se conforma con equivalente al 1% de los recursos de la Ley de Presupuesto del a\u00f1o anterior. Y la norma excluye expresamente a santafesinos y rosarinos porque ambas gozaban de las ventajas de tener fondos nacionales del Fondo del Conurbano. Como el kirchnerismo primero y el macrismo despu\u00e9s nunca lo actualizaron, hoy ese aporte es casi nulo.<\/p>\n<p>El proyecto que vot\u00f3 Diputados, adem\u00e1s de sumar a Santa Fe y Rosario, sube el porcentaje de recursos para conformar el Fondo de Obras Menores, con el fin de no perjudicar a las dem\u00e1s localidades y poblaciones.<\/p>\n<h6>Fuente: El Litoral<\/h6>\n","protected":false},"excerpt":{"rendered":"<p>Intendentes y presidentes comunales, en funciones y electos, expusieron su preocupaci\u00f3n por las finanzas. Temen que una pulseada pol\u00edtica entre C\u00e1maras demore m\u00e1s la llegada de recursos.<\/p>\n","protected":false},"author":2,"featured_media":95266,"comment_status":"closed","ping_status":"closed","sticky":false,"template":"","format":"standard","meta":{"footnotes":""},"categories":[5],"tags":[10],"class_list":["post-95265","post","type-post","status-publish","format-standard","has-post-thumbnail","hentry","category-informe-economico","tag-santa-fe"],"_links":{"self":[{"href":"http:\/\/argentinamunicipal.com.ar\/argentina\/wp-json\/wp\/v2\/posts\/95265","targetHints":{"allow":["GET"]}}],"collection":[{"href":"http:\/\/argentinamunicipal.com.ar\/argentina\/wp-json\/wp\/v2\/posts"}],"about":[{"href":"http:\/\/argentinamunicipal.com.ar\/argentina\/wp-json\/wp\/v2\/types\/post"}],"author":[{"embeddable":true,"href":"http:\/\/argentinamunicipal.com.ar\/argentina\/wp-json\/wp\/v2\/users\/2"}],"replies":[{"embeddable":true,"href":"http:\/\/argentinamunicipal.com.ar\/argentina\/wp-json\/wp\/v2\/comments?post=95265"}],"version-history":[{"count":0,"href":"http:\/\/argentinamunicipal.com.ar\/argentina\/wp-json\/wp\/v2\/posts\/95265\/revisions"}],"wp:featuredmedia":[{"embeddable":true,"href":"http:\/\/argentinamunicipal.com.ar\/argentina\/wp-json\/wp\/v2\/media\/95266"}],"wp:attachment":[{"href":"http:\/\/argentinamunicipal.com.ar\/argentina\/wp-json\/wp\/v2\/media?parent=95265"}],"wp:term":[{"taxonomy":"category","embeddable":true,"href":"http:\/\/argentinamunicipal.com.ar\/argentina\/wp-json\/wp\/v2\/categories?post=95265"},{"taxonomy":"post_tag","embeddable":true,"href":"http:\/\/argentinamunicipal.com.ar\/argentina\/wp-json\/wp\/v2\/tags?post=95265"}],"curies":[{"name":"wp","href":"https:\/\/api.w.org\/{rel}","templated":true}]}}