{"id":95330,"date":"2019-10-15T07:13:43","date_gmt":"2019-10-15T10:13:43","guid":{"rendered":"http:\/\/argentinamunicipal.com.ar\/argentina\/?p=95330"},"modified":"2019-10-15T07:13:43","modified_gmt":"2019-10-15T10:13:43","slug":"rosario-de-cada-diez-ninos-que-van-a-comedores-cuatro-estan-malnutridos","status":"publish","type":"post","link":"http:\/\/argentinamunicipal.com.ar\/argentina\/rosario-de-cada-diez-ninos-que-van-a-comedores-cuatro-estan-malnutridos\/","title":{"rendered":"Rosario: De cada diez ni\u00f1os que van a comedores, cuatro est\u00e1n malnutridos"},"content":{"rendered":"<p>La mayor\u00eda presenta obesidad y sobrepeso, de acuerdo a un relevamiento realizado por el Movimiento Barrios de Pie.<\/p>\n<p>El 44 por ciento de los ni\u00f1os y adolescentes que asisten a comedores barriales est\u00e1n mal nutridos, seg\u00fan un relevamiento realizado por la organizaci\u00f3n Barrios de Pie y el Instituto de Investigaci\u00f3n Social, Econ\u00f3mica y Pol\u00edtica Ciudadana. En sinton\u00eda con el aumento de precios de los alimentos, el porcentaje de menores con malnutrici\u00f3n creci\u00f3 dos puntos respecto al a\u00f1o anterior. Los ni\u00f1os de la primera infancia (de 2 a 6 a\u00f1os) son los m\u00e1s afectados por sobrepeso, obesidad y bajo peso.<\/p>\n<p>As\u00ed lo advierte el trabajo denominado \u00abIndicador barrial de situaci\u00f3n nutricional\u00bb\u00a0que se presentar\u00e1 hoy, a las 10.30, en la sede de Gobierno de la Universidad Nacional de Rosario. Hace tres a\u00f1os, la organizaci\u00f3n puso en marcha un programa de detecci\u00f3n precoz de malnutrici\u00f3n entre los chicos que asisten a comedores, merenderos y clubes barriales.<\/p>\n<p>Durante el primer semestre de este a\u00f1o, el relevamiento alcanz\u00f3 a 2.543 ni\u00f1os y adolescentes de 0 a 19 a\u00f1os. Seg\u00fan describe el trabajo, se trata de chicos en situaci\u00f3n de alta vulnerabilidad socio-sanitaria, cuyos padres en su mayor\u00eda son titulares de programas sociales con transferencia de ingresos. Todos ellos asisten a espacios comunitarios ubicados en 42 barrios de las ciudades de Rosario, Santa Fe, Gobernador G\u00e1lvez y San Justo.<\/p>\n<p>Barrios de Pie naci\u00f3 como organizaci\u00f3n en la crisis del 2001, cuando los barrios empezaron a poblarse de copas de leche y comedores comunitarios. \u00abCrecimos en los barrios m\u00e1s pobres de la provincia. Y r\u00e1pidamente nos dimos cuenta de que la necesidad no se acotaba al tema de la alimentaci\u00f3n y fuimos abarcando m\u00e1s \u00e1reas, como educaci\u00f3n, j\u00f3venes, microemprendimientos y salud\u00bb, se\u00f1ala Carina Benegas, coordinadora provincial de la organizaci\u00f3n.<\/p>\n<p>El nacimiento del indicador de situaci\u00f3n nutricional fue parte de este proceso.\u00a0Profesionales de la salud capacitaron a los integrantes del movimiento para tomar la presi\u00f3n, hacer controles de vacunaci\u00f3n y de alimentaci\u00f3n.<\/p>\n<p>De esta forma, cada seis meses se mide y se pesa a los ni\u00f1os que se acercan a los comedores que funcionan los fines de semana. Y se registran estos datos de acuerdo a las categor\u00edas de peso y talla de la Organizaci\u00f3n Mundial de la Salud.<\/p>\n<p><strong>Mal comidos<\/strong><\/p>\n<p>El relevamiento arroj\u00f3 que el 43,99 por ciento de los ni\u00f1os de 0 a 19 a\u00f1os \u00abpresentan una alta vulnerabilidad nutricional\u00bb, sobre todo expresada en la preeminencia de sobrepeso y obesidad, muy por encima de los \u00edndices de ni\u00f1os encontrados con bajo peso (1,62 por ciento) y riesgo de bajo peso (2,24 por ciento).<\/p>\n<p>\u00abLa detecci\u00f3n precoz de malnutrici\u00f3n enciende alertas en ambos casos\u00bb, se\u00f1ala el trabajo. Los indicadores de d\u00e9ficit alimentario, ponen de manifiesto la insuficiente ingesta de nutrientes; el alto peso muestra un exceso de consumo de grasas y carbohidratos, adem\u00e1s de la falta de actividad f\u00edsica.<\/p>\n<p>Seg\u00fan afirma el relevamiento, los altos \u00edndices de malnutrici\u00f3n muestran \u00abun proceso de profundizaci\u00f3n de la vulnerabilidad nutricional en la que se encuentra la poblaci\u00f3n. El presente de estos ni\u00f1os est\u00e1 comprometido por una alimentaci\u00f3n inadecuada para su edad, lo cual de no modificarse abre las puertas a enfermedades tanto en lo inmediato como en la edad adulta\u00bb.<\/p>\n<p>En cuanto a la medici\u00f3n de talla, el 8,62 por ciento de los ni\u00f1os y adolescentes presentaron un riesgo de talla baja y otro 6,75 por ciento med\u00edan menos de lo considerado para su edad; dos cifras que \u00abencienden alerta ya que estos ni\u00f1os estar\u00edan recibiendo en forma prolongada una alimentaci\u00f3n inadecuada\u00bb, apuntan las conclusiones de la investigaci\u00f3n.<\/p>\n<p>Si se analizan los \u00faltimos resultados del relevamiento, advierte Benegas, los indicadores tienden a agravarse. En el primer semestre del a\u00f1o pasado, el 42,49 por ciento de los ni\u00f1os y adolescentes medidos y pesados estaban malnutridos; en el segundo semestre, el problema alcanzaba al 41;88 por ciento de los chicos. En el \u00faltimo trabajo este porcentaje trep\u00f3 al 43,99 por ciento.<\/p>\n<p>\u00abEsto indica un proceso de profundizaci\u00f3n de la vulnerabilidad nutricional en la que se encuentra la poblaci\u00f3n que asiste a copas de leche, merenderos y comedores del Movimiento Barrios de Pie\u00bb, concluye el trabajo y advierte que el presente de estos ni\u00f1os est\u00e1 comprometido por una mala alimentaci\u00f3n.<\/p>\n<p>En cuanto a los grupos etarios, el trabajo advierte un incremento de la malnutrici\u00f3n en la primera infancia, es decir los ni\u00f1os de 2 a 6 a\u00f1os. En esta franja, los problemas de sobrepeso, obesidad o bajo peso afectan al 44,46 por ciento.<\/p>\n<h6>Fuente: La Capital<\/h6>\n","protected":false},"excerpt":{"rendered":"<p>La mayor\u00eda presenta obesidad y sobrepeso, de acuerdo a un relevamiento realizado por el Movimiento Barrios de Pie.<\/p>\n","protected":false},"author":2,"featured_media":95331,"comment_status":"closed","ping_status":"closed","sticky":false,"template":"","format":"standard","meta":{"footnotes":""},"categories":[2],"tags":[10],"class_list":["post-95330","post","type-post","status-publish","format-standard","has-post-thumbnail","hentry","category-informe-municipal","tag-santa-fe"],"_links":{"self":[{"href":"http:\/\/argentinamunicipal.com.ar\/argentina\/wp-json\/wp\/v2\/posts\/95330","targetHints":{"allow":["GET"]}}],"collection":[{"href":"http:\/\/argentinamunicipal.com.ar\/argentina\/wp-json\/wp\/v2\/posts"}],"about":[{"href":"http:\/\/argentinamunicipal.com.ar\/argentina\/wp-json\/wp\/v2\/types\/post"}],"author":[{"embeddable":true,"href":"http:\/\/argentinamunicipal.com.ar\/argentina\/wp-json\/wp\/v2\/users\/2"}],"replies":[{"embeddable":true,"href":"http:\/\/argentinamunicipal.com.ar\/argentina\/wp-json\/wp\/v2\/comments?post=95330"}],"version-history":[{"count":0,"href":"http:\/\/argentinamunicipal.com.ar\/argentina\/wp-json\/wp\/v2\/posts\/95330\/revisions"}],"wp:featuredmedia":[{"embeddable":true,"href":"http:\/\/argentinamunicipal.com.ar\/argentina\/wp-json\/wp\/v2\/media\/95331"}],"wp:attachment":[{"href":"http:\/\/argentinamunicipal.com.ar\/argentina\/wp-json\/wp\/v2\/media?parent=95330"}],"wp:term":[{"taxonomy":"category","embeddable":true,"href":"http:\/\/argentinamunicipal.com.ar\/argentina\/wp-json\/wp\/v2\/categories?post=95330"},{"taxonomy":"post_tag","embeddable":true,"href":"http:\/\/argentinamunicipal.com.ar\/argentina\/wp-json\/wp\/v2\/tags?post=95330"}],"curies":[{"name":"wp","href":"https:\/\/api.w.org\/{rel}","templated":true}]}}