{"id":95464,"date":"2019-10-21T05:19:09","date_gmt":"2019-10-21T08:19:09","guid":{"rendered":"http:\/\/argentinamunicipal.com.ar\/argentina\/?p=95464"},"modified":"2019-10-20T19:21:00","modified_gmt":"2019-10-20T22:21:00","slug":"rosario-la-tematica-de-genero-en-la-funcion-publica","status":"publish","type":"post","link":"http:\/\/argentinamunicipal.com.ar\/argentina\/rosario-la-tematica-de-genero-en-la-funcion-publica\/","title":{"rendered":"Rosario: La tem\u00e1tica de g\u00e9nero en la funci\u00f3n p\u00fablica"},"content":{"rendered":"<p>La formaci\u00f3n -que ser\u00e1 obligatoria para trabajadores y trabajadoras del municipio- apuesta a prevenir y erradicar la violencia contra las mujeres.<\/p>\n<p>El Concejo Municipal aprobar\u00e1 hoy la adhesi\u00f3n del municipio a la Ley Micaela, en homenaje a la joven militante del Movimiento Evita, v\u00edctima de femicidio, que establece la capacitaci\u00f3n obligatoria en la tem\u00e1tica de g\u00e9nero y violencia contra las mujeres para todas las personas que se desempe\u00f1en en la funci\u00f3n p\u00fablica en todos sus niveles. La iniciativa, que tuvo entre sus autoras en el Congreso Nacional a la diputada nacional Lucila De Ponti, fue presentada por Eduardo Toniolli y Norma L\u00f3pez, junto a concejales y concejales de distintos bloques partidarios. La formaci\u00f3n -que en adelante ser\u00e1 obligatoria para todos los trabajadores y trabajadoras del Estado municipal- deber\u00e1 apuntar a la prevenci\u00f3n de la violencia de g\u00e9nero en todas sus formas, como establece la Ley 26.485 de Protecci\u00f3n integral para prevenir, sancionar y erradicar la violencia contra las mujeres.<\/p>\n<p>El texto de la ordenanza, que el Concejo aprobar\u00e1 hoy, considera que el Estado \u00abdebe promover pol\u00edticas p\u00fablicas y destinar presupuesto para que se fortalezcan los derechos de las mujeres a vivir una vida sin violencia y sin discriminaciones de ning\u00fan tipo\u00bb. Adem\u00e1s, plantea que \u00abla formaci\u00f3n en tem\u00e1tica de g\u00e9nero y violencia contra las mujeres es una de las herramientas fundamentales para avanzar en un camino que a largo plazo ponga fin al machismo arraigado en la sociedad\u00bb.<\/p>\n<p>Lo dispuesto en la ordenanza alcanzar\u00e1 a todas las personas que se desempe\u00f1en en la administraci\u00f3n p\u00fablica de Rosario, organismos descentralizados, entes aut\u00e1rquicos, empresas o sociedades del Estado Municipal, sociedades de econom\u00eda mixta o con participaci\u00f3n estatal mayoritaria, el Concejo Municipal, as\u00ed como toda otra entidad y organismo dependiente de la Municipalidad.<\/p>\n<p>El Instituto Municipal de la Mujer ser\u00e1 la autoridad de aplicaci\u00f3n. Tambi\u00e9n se encargar\u00e1 de promover la capacitaci\u00f3n en la tem\u00e1tica de g\u00e9nero y violencia contra las mujeres para los trabajadores y trabajadoras de las empresas privadas que sean concesionarias de servicios p\u00fablicos de la ciudad, para lo cual podr\u00e1 celebrar convenios particulares con prestatarias.<\/p>\n<p>El pasado 12 de setiembre, y por unanimidad, la C\u00e1mara de Diputados de Santa Fe dio sanci\u00f3n definitiva a la adhesi\u00f3n de la Ley Nacional N\u00b0 27.499, impulsada por la diputada Silvia Ausburguer y el diputado Rub\u00e9n Giustiniani, que establece la Capacitaci\u00f3n Obligatoria en G\u00e9nero y Diversidades Sexuales para todas las personas que integran los tres poderes del Estado, invitando a municipios y comunas a hacer lo propio con la ley sancionada.<\/p>\n<p>A partir de la adhesi\u00f3n, Toniolli y L\u00f3pez avanzaron en el proyecto que pas\u00f3 por la Comisi\u00f3n de Derechos Humanos y luego fue enviada a la de Presupuesto donde se plantearon algunos aportes, y volvi\u00f3 a Derechos Humanos. Como esta semana no hubo qu\u00f3rum en dicha comisi\u00f3n, se lleg\u00f3 a un acuerdo con los presidentes de bloques para que se apruebe hoy sobre tablas en el recinto. All\u00ed estar\u00e1n las diputadas De Ponti y Ausburguer, integrantes del Movimiento de Mujeres Evita, impulsoras de la iniciativa, y la secretaria Adjunta del sindicato de Trabajadores Municipales, Yamile Baclini.<\/p>\n<p>\u00abEs imprescindible que en todos los niveles del Estado, sin importar la tarea que se lleve adelante, se tenga una mirada en torno a la prevenci\u00f3n de la violencia de g\u00e9nero para que desde esa perspectiva todos los agentes estatales puedan colaborar en esta situaci\u00f3n de emergencia que se vive en la materia\u00bb, se\u00f1al\u00f3 Toniolli.<\/p>\n<p>L\u00f3pez agreg\u00f3: \u00abCada persona que trabaje en el Estado debe formarse y capacitarse con perspectiva de g\u00e9nero, esto producir\u00e1 mayor acceso a derechos de las mujeres, mayor responsabilidad de los gobernantes, ser\u00e1 parte de combatir la impunidad, y un gran aporte a la construcci\u00f3n del cambio cultural que necesitamos como sociedad\u00bb.<\/p>\n<h6>Fuente: P\u00e1gina 12<\/h6>\n","protected":false},"excerpt":{"rendered":"<p>La formaci\u00f3n -que ser\u00e1 obligatoria para trabajadores y trabajadoras del municipio- apuesta a prevenir y erradicar la violencia contra las mujeres.<\/p>\n","protected":false},"author":2,"featured_media":95465,"comment_status":"closed","ping_status":"closed","sticky":false,"template":"","format":"standard","meta":{"footnotes":""},"categories":[7],"tags":[10],"class_list":["post-95464","post","type-post","status-publish","format-standard","has-post-thumbnail","hentry","category-informe-sindical","tag-santa-fe"],"_links":{"self":[{"href":"http:\/\/argentinamunicipal.com.ar\/argentina\/wp-json\/wp\/v2\/posts\/95464","targetHints":{"allow":["GET"]}}],"collection":[{"href":"http:\/\/argentinamunicipal.com.ar\/argentina\/wp-json\/wp\/v2\/posts"}],"about":[{"href":"http:\/\/argentinamunicipal.com.ar\/argentina\/wp-json\/wp\/v2\/types\/post"}],"author":[{"embeddable":true,"href":"http:\/\/argentinamunicipal.com.ar\/argentina\/wp-json\/wp\/v2\/users\/2"}],"replies":[{"embeddable":true,"href":"http:\/\/argentinamunicipal.com.ar\/argentina\/wp-json\/wp\/v2\/comments?post=95464"}],"version-history":[{"count":0,"href":"http:\/\/argentinamunicipal.com.ar\/argentina\/wp-json\/wp\/v2\/posts\/95464\/revisions"}],"wp:featuredmedia":[{"embeddable":true,"href":"http:\/\/argentinamunicipal.com.ar\/argentina\/wp-json\/wp\/v2\/media\/95465"}],"wp:attachment":[{"href":"http:\/\/argentinamunicipal.com.ar\/argentina\/wp-json\/wp\/v2\/media?parent=95464"}],"wp:term":[{"taxonomy":"category","embeddable":true,"href":"http:\/\/argentinamunicipal.com.ar\/argentina\/wp-json\/wp\/v2\/categories?post=95464"},{"taxonomy":"post_tag","embeddable":true,"href":"http:\/\/argentinamunicipal.com.ar\/argentina\/wp-json\/wp\/v2\/tags?post=95464"}],"curies":[{"name":"wp","href":"https:\/\/api.w.org\/{rel}","templated":true}]}}