{"id":95474,"date":"2019-10-21T05:26:48","date_gmt":"2019-10-21T08:26:48","guid":{"rendered":"http:\/\/argentinamunicipal.com.ar\/argentina\/?p=95474"},"modified":"2019-10-20T19:28:31","modified_gmt":"2019-10-20T22:28:31","slug":"el-conflicto-en-chabas-va-camino-a-resolverse-pero-sigue-el-paro","status":"publish","type":"post","link":"http:\/\/argentinamunicipal.com.ar\/argentina\/el-conflicto-en-chabas-va-camino-a-resolverse-pero-sigue-el-paro\/","title":{"rendered":"El conflicto en Chab\u00e1s va camino a resolverse, pero sigue el paro"},"content":{"rendered":"<p>La comuna pudo hacer frente a gran parte de las deudas salariales, pero restan un remanente.<\/p>\n<p>El gobierno comunal de Chab\u00e1s logr\u00f3 pagar ayer un alto porcentaje de salarios atrasados y, todo indica que la semana pr\u00f3xima cancelar\u00eda el total de lo adeudado, lo que allanar\u00eda el camino para que los trabajadores pongan fin a la medida de fuerza que iniciaron el 8 de este mes y mantendr\u00e1n hasta que se regularice la situaci\u00f3n.<\/p>\n<p>Si bien de los 98 empleados de la comuna ya 78 cobraron el total de los haberes de septiembre, no sucedi\u00f3 lo mismo con los otros 20, que pertenecen a categor\u00edas o escalas salariales m\u00e1s altas y s\u00f3lo percibieron una parte de los haberes.<\/p>\n<p>\u00abLa promesa de la comuna es regularizar lo que queda entre lunes y martes, pero el paro reci\u00e9n se levantar\u00e1 cuando todos los trabajadores cobren sus sueldos adeudados\u00bb, dijo a La Capital el secretario de Finanzas del Sindicato de Trabajadores Municipales de Casilda y Comunas Adheridas, Carlos Rodr\u00edguez.<\/p>\n<p>La administraci\u00f3n local pudo hacer frente a gran parte de las deudas salariales fundamentalmente con lo que recaudado en concepto de tributos, lo que fue posible gracias a que los huelguistas permitieron a las autoridades que atiendan la comuna para poder juntar los fondos necesarios.<\/p>\n<p>En tal sentido, Rodr\u00edguez dijo que \u00abello fue un gesto de buena voluntad de los trabajadores, pero si los salarios de octubre tampoco se pagan en t\u00e9rmino, como viene ocurriendo con los de los \u00faltimos tres meses, seguramente se endurecer\u00e1n las medidas\u00bb.<\/p>\n<p>En esa l\u00ednea, sostuvo que \u00abno es justo que los empleados tengan que hacer un esfuerzo para sobrellevar esta cr\u00edtica situaci\u00f3n de la que no son responsables sino v\u00edctimas, raz\u00f3n por la cual querer cobrar en tiempo y forma no es un capricho sino un derecho\u00bb.<\/p>\n<p>Y en la misma direcci\u00f3n afirm\u00f3 que \u00abpor m\u00e1s buena voluntad que haya de los trabajadores, como ya qued\u00f3 demostrado, hay obligaciones que no pueden esperar como, entre otros compromisos, pagar compras realizadas con tarjeta de cr\u00e9dito, por lo que es indispensable que los sueldos se paguen al d\u00eda\u00bb.<\/p>\n<p>El gremialista se mostr\u00f3 preocupado de cara al futuro: \u00abLamentablemente no somos optimistas en relaci\u00f3n a los meses venideros ya que no vemos, al menos por ahora, indicios que hagan pensar en una mejor situaci\u00f3n en la comuna de Chab\u00e1s sino por el contrario\u00bb.<\/p>\n<p>Aunque se trata de \u00fanica administraci\u00f3n en conflicto dentro de la zona de cobertura del sindicato municipal con sede en Casilda, Rodr\u00edguez no descart\u00f3 que puedan surgir inconvenientes en otras localidades. Desde ya, hay conflictos en varias administraciones de la provincia.<\/p>\n<h6>Fuente: La Capital<\/h6>\n","protected":false},"excerpt":{"rendered":"<p>La comuna pudo hacer frente a gran parte de las deudas salariales, pero restan un remanente.<\/p>\n","protected":false},"author":2,"featured_media":95475,"comment_status":"closed","ping_status":"closed","sticky":false,"template":"","format":"standard","meta":{"footnotes":""},"categories":[7],"tags":[10],"class_list":["post-95474","post","type-post","status-publish","format-standard","has-post-thumbnail","hentry","category-informe-sindical","tag-santa-fe"],"_links":{"self":[{"href":"http:\/\/argentinamunicipal.com.ar\/argentina\/wp-json\/wp\/v2\/posts\/95474","targetHints":{"allow":["GET"]}}],"collection":[{"href":"http:\/\/argentinamunicipal.com.ar\/argentina\/wp-json\/wp\/v2\/posts"}],"about":[{"href":"http:\/\/argentinamunicipal.com.ar\/argentina\/wp-json\/wp\/v2\/types\/post"}],"author":[{"embeddable":true,"href":"http:\/\/argentinamunicipal.com.ar\/argentina\/wp-json\/wp\/v2\/users\/2"}],"replies":[{"embeddable":true,"href":"http:\/\/argentinamunicipal.com.ar\/argentina\/wp-json\/wp\/v2\/comments?post=95474"}],"version-history":[{"count":0,"href":"http:\/\/argentinamunicipal.com.ar\/argentina\/wp-json\/wp\/v2\/posts\/95474\/revisions"}],"wp:featuredmedia":[{"embeddable":true,"href":"http:\/\/argentinamunicipal.com.ar\/argentina\/wp-json\/wp\/v2\/media\/95475"}],"wp:attachment":[{"href":"http:\/\/argentinamunicipal.com.ar\/argentina\/wp-json\/wp\/v2\/media?parent=95474"}],"wp:term":[{"taxonomy":"category","embeddable":true,"href":"http:\/\/argentinamunicipal.com.ar\/argentina\/wp-json\/wp\/v2\/categories?post=95474"},{"taxonomy":"post_tag","embeddable":true,"href":"http:\/\/argentinamunicipal.com.ar\/argentina\/wp-json\/wp\/v2\/tags?post=95474"}],"curies":[{"name":"wp","href":"https:\/\/api.w.org\/{rel}","templated":true}]}}