{"id":95581,"date":"2019-10-22T07:16:22","date_gmt":"2019-10-22T10:16:22","guid":{"rendered":"http:\/\/argentinamunicipal.com.ar\/argentina\/?p=95581"},"modified":"2019-10-22T07:16:22","modified_gmt":"2019-10-22T10:16:22","slug":"santa-fe-advierten-por-mas-paros-comunales-y-municipales","status":"publish","type":"post","link":"http:\/\/argentinamunicipal.com.ar\/argentina\/santa-fe-advierten-por-mas-paros-comunales-y-municipales\/","title":{"rendered":"Santa Fe: Advierten por m\u00e1s paros comunales y municipales"},"content":{"rendered":"<p>El secretario de Municipios y Comunas de Santa Fe, Carlos Torres, advirti\u00f3 ayer sobre la posibilidad de que recrudezcan conflictos gremiales por falta de pago salariales en varias localidades de la provincia a causa de la cr\u00edtica situaci\u00f3n econ\u00f3mica que azota el pa\u00eds.<\/p>\n<p>El secretario de Municipios y Comunas de Santa Fe, Carlos Torres, advirti\u00f3 ayer sobre la posibilidad de que recrudezcan conflictos gremiales por falta de pago salariales en varias localidades de la provincia a causa de la cr\u00edtica situaci\u00f3n econ\u00f3mica que azota el pa\u00eds.<\/p>\n<p>\u00abSe van a poner en evidencia conflictos gremiales en algunos lugares\u00bb, admiti\u00f3 el funcionario en declaraciones formuladas al programa \u00abRicciardino 830\u00bb, de La Ocho, y agreg\u00f3 que ya \u00abalgunas (administraciones) vienen hace varias semanas con problemas porque no pudieron terminar de pagar los salarios con la cl\u00e1usula gatillo\u00bb.<\/p>\n<p>\u00abEs muy probable que a partir de este mes haya varios lugares con dificultades\u00bb, dijo Torres al hacerse eco de los planteas esbozados desde los gobiernos locales con inconvenientes para pagar salarios. \u00abEs lo que nos vienen diciendo\u00bb, aclar\u00f3 para luego sostener que \u00abes entendible que as\u00ed sea (ya que) comprendemos que la situaci\u00f3n de los municipios y comunas es dif\u00edcil\u00bb.<\/p>\n<p>Asimismo destac\u00f3 que \u00abtodos los que tuvimos la posibilidad de ser intendentes, sabemos que en una econom\u00eda inflacionaria aumentan los costos de los servicios, salarios y proveedores, y los ingresos de las municipalidades y comunas, aunque pueden aumentar, no siguen el mismo ritmo\u00bb, explic\u00f3 el ex mandatario municipal de Firmat.<\/p>\n<p>En esa direcci\u00f3n evalu\u00f3 que \u00abas\u00ed es como se hace un cuello de botella financiero que complica la situaci\u00f3n\u00bb, al tiempo que resalt\u00f3 la voluntad pol\u00edtica del gobierno de la provincia al sostener que \u00absiempre acompa\u00f1\u00f3 a los intendentes y presidentes comunales. De hecho este a\u00f1o se otorgaron cerca de 50 anticipos de coparticipaci\u00f3n para que se puedan manejar financieramente\u00bb.<\/p>\n<p>Asimismo, admiti\u00f3 que \u00abhoy la situaci\u00f3n es distinta, porque estamos en una transici\u00f3n. Falta poco para el cambio de gobierno en la provincia y en muchas localidades. La recesi\u00f3n econ\u00f3mica les produce los mismos efectos a todos, a cada uno en su escala, tambi\u00e9n a la provincia, que adem\u00e1s debe pagar sueldos y cumplir con la obra p\u00fablica\u00bb.<\/p>\n<p>Tras insistir que \u00abestamos todos inmersos en la misma situaci\u00f3n\u00bb, Torres abog\u00f3 por la necesidad de encontrar \u00abherramientas para ayudar a los intendentes y presidentes comunales\u00bb. Y en esa l\u00ednea record\u00f3 que \u00abest\u00e1 para su tratamiento en la Legislatura la posibilidad de expedir gastos corrientes del programa de obras menores para que las comunas y municipalidades se puedan financiar y pagar los sueldos\u00bb.<\/p>\n<p>Sobre el tema coment\u00f3 que \u00abtodav\u00eda no fue aprobado porque se introdujo la posibilidad de incorporar al programa a las ciudades de Rosario y Santa Fe, lo que dilat\u00f3\u00bb la cuesti\u00f3n, dijo para finalmente indicar que \u00abmuchas mas herramientas no hay y la situaci\u00f3n es compleja de aqu\u00ed a fin de a\u00f1o\u00bb.<\/p>\n<h6>Fuente: La Capital<\/h6>\n","protected":false},"excerpt":{"rendered":"<p>El secretario de Municipios y Comunas de Santa Fe, Carlos Torres, advirti\u00f3 ayer sobre la posibilidad de que recrudezcan conflictos gremiales por falta de pago salariales en varias localidades de la provincia<\/p>\n","protected":false},"author":2,"featured_media":95582,"comment_status":"closed","ping_status":"closed","sticky":false,"template":"","format":"standard","meta":{"footnotes":""},"categories":[7],"tags":[10],"class_list":["post-95581","post","type-post","status-publish","format-standard","has-post-thumbnail","hentry","category-informe-sindical","tag-santa-fe"],"_links":{"self":[{"href":"http:\/\/argentinamunicipal.com.ar\/argentina\/wp-json\/wp\/v2\/posts\/95581","targetHints":{"allow":["GET"]}}],"collection":[{"href":"http:\/\/argentinamunicipal.com.ar\/argentina\/wp-json\/wp\/v2\/posts"}],"about":[{"href":"http:\/\/argentinamunicipal.com.ar\/argentina\/wp-json\/wp\/v2\/types\/post"}],"author":[{"embeddable":true,"href":"http:\/\/argentinamunicipal.com.ar\/argentina\/wp-json\/wp\/v2\/users\/2"}],"replies":[{"embeddable":true,"href":"http:\/\/argentinamunicipal.com.ar\/argentina\/wp-json\/wp\/v2\/comments?post=95581"}],"version-history":[{"count":0,"href":"http:\/\/argentinamunicipal.com.ar\/argentina\/wp-json\/wp\/v2\/posts\/95581\/revisions"}],"wp:featuredmedia":[{"embeddable":true,"href":"http:\/\/argentinamunicipal.com.ar\/argentina\/wp-json\/wp\/v2\/media\/95582"}],"wp:attachment":[{"href":"http:\/\/argentinamunicipal.com.ar\/argentina\/wp-json\/wp\/v2\/media?parent=95581"}],"wp:term":[{"taxonomy":"category","embeddable":true,"href":"http:\/\/argentinamunicipal.com.ar\/argentina\/wp-json\/wp\/v2\/categories?post=95581"},{"taxonomy":"post_tag","embeddable":true,"href":"http:\/\/argentinamunicipal.com.ar\/argentina\/wp-json\/wp\/v2\/tags?post=95581"}],"curies":[{"name":"wp","href":"https:\/\/api.w.org\/{rel}","templated":true}]}}