{"id":95903,"date":"2019-10-30T07:03:20","date_gmt":"2019-10-30T10:03:20","guid":{"rendered":"http:\/\/argentinamunicipal.com.ar\/argentina\/?p=95903"},"modified":"2019-10-30T07:03:20","modified_gmt":"2019-10-30T10:03:20","slug":"pena-y-vidal-se-echan-la-culpa-por-la-derrota","status":"publish","type":"post","link":"http:\/\/argentinamunicipal.com.ar\/argentina\/pena-y-vidal-se-echan-la-culpa-por-la-derrota\/","title":{"rendered":"Pe\u00f1a y Vidal se echan la culpa por la derrota"},"content":{"rendered":"<p>Desde el entorno del jefe de Gabinete se\u00f1alan a la gobernadora bonaerense como responsable de la ca\u00edda de Macri. Cerca de Vidal responden que la causa principal fue el fracaso econ\u00f3mico y apuntan contra la estrategia de confrontaci\u00f3n dise\u00f1ada por Pe\u00f1a, que habr\u00eda favorecido la uni\u00f3n del peronismo.<\/p>\n<p>La culpa es de Vidal. Ese balance hicieron circular desde sectores vinculados al jefe de Gabinete, Marcos Pe\u00f1a, quien ya tiene una inquina desde hace tiempo con la gobernadora saliente, Mar\u00eda Eugenia Vidal. El an\u00e1lisis plantea que la ca\u00edda de Mauricio Macri se explica porque el equipo bonaerense no traccion\u00f3 la boleta presidencial y provoc\u00f3 un desplome en ese distrito. Desde el entorno de la gobernadora indicaron que nadie puede creer esa hip\u00f3tesis, advirtieron que la econom\u00eda fue la principal causante de la derrota &#8211;Vidal suele reivindicar su gesti\u00f3n provincial y deja en claro que eso no fue lo que fall\u00f3&#8211;, as\u00ed como una estrategia de confrontaci\u00f3n que permiti\u00f3 que todos los adversarios peronistas se unieran en un solo frente. Adem\u00e1s, advirtieron que se trata de un intento de enemistar a Macri con Vidal. \u00abEs lo que Pe\u00f1a siempre intent\u00f3\u00bb, destacaron.<\/p>\n<p>Se sabe que Pe\u00f1a y Vidal est\u00e1n distanciados hace m\u00e1s de un a\u00f1o, por lo menos. La gobernadora puso reservas a buena parte de la estrategia nacional de 2019, que tuvo los resultados que hoy se conocen. Pe\u00f1a, por su parte, la culp\u00f3 por el reclamo al comienzo del a\u00f1o del \u00abPlan V\u00bb, esto es, que la gobernadora reemplazara a Macri como candidata a presidenta. No import\u00f3 que ella lo desmintiera y que el clamor viniera, en verdad, de un sector empresarial, Pe\u00f1a sigui\u00f3 intentando sembrar la idea de que era una posibilidad fogoneada por la gobernadora.<\/p>\n<p>Tambi\u00e9n chocaron sobre la posibilidad de desdoblar las elecciones bonaerenses. Vidal, sin estar convencida, pidi\u00f3 considerarlo por unos meses. La respuesta fue tajante: la obligaron a anunciar a principios de a\u00f1o que no habr\u00eda tal desdoblamiento. Tambi\u00e9n le vetaron la posibilidad de que tuviera colectoras con otras listas presidenciales. Todo concluy\u00f3 con una derrota para Vidal a\u00fan peor que la de Macri a nivel nacional.<\/p>\n<p>En el escenario de la derrota, sectores vinculados a Pe\u00f1a dejaron correr por algunos medios un an\u00e1lisis que ya hac\u00edan despu\u00e9s de las PASO: que falt\u00f3 armado de Vidal en la provincia de Buenos Aires, que no sum\u00f3 intendentes, concejales; en definitiva, que nunca tuvo volumen pol\u00edtico y no traccion\u00f3 la boleta presidencial. Desde las primarias, Vidal tuvo menos actos con Macri y cerr\u00f3 sin \u00e9l su campa\u00f1a, con otros colores y otra est\u00e9tica para diferenciarse lo m\u00e1s posible del Presidente, cuya imagen en el conurbano era un yunque que hund\u00eda a cualquier candidato.<\/p>\n<p>Cerca de Pe\u00f1a, no lo ven as\u00ed: indicaron a La Naci\u00f3n que en la tercera secci\u00f3n electoral, Fern\u00e1ndez super\u00f3 a Macri por un mill\u00f3n de votos y se quejaron de que Macri no estuviera m\u00e1s en la campa\u00f1a de la gobernadora. En s\u00edntesis, Vidal m\u00e1s que ser una esperanza de recambio, es la culpable de la derrota.<\/p>\n<p>Desde el gobierno bonaerense le atribuyeron esas versiones a Pe\u00f1a o a su entorno. \u00abCreo que no hay persona en el pa\u00eds que piense que eso es cierto\u00bb, contestaron. Consideraron que son intentos por desviar la responsabilidad del que fue el principal conductor de la campa\u00f1a nacional y que ahora debe cargar con la derrota. \u00abNo sirve de mucho. Se les esfuma en un minuto\u00bb, dec\u00edan cerca de Vidal.<\/p>\n<p>A la vez, apuntar contra Vidal podr\u00eda ser una forma de esmerilar a las figuras que surgen como opciones para el posmacrismo y que podr\u00edan terminar desplazando al Presidente del liderazgo del espacio: tanto Vidal como Horacio Rodr\u00edguez Larreta. \u00abPe\u00f1a siempre nos quiso separar. Pero es imposible\u00bb, consideraron ante P\u00e1ginaI12.<\/p>\n<p>Adem\u00e1s, remarcaron que el error estuvo, justamente, en la estrategia perge\u00f1ada por Pe\u00f1a y el consultor Jaime Dur\u00e1n Barba: la polarizaci\u00f3n extrema, que concluy\u00f3 con una unidad de distintos sectores del peronismo, cuando lo que necesitaban era dividirlos. Tambi\u00e9n podr\u00edan haber contestado: \u00abEs la econom\u00eda, est\u00fapido\u00bb. La ca\u00edda econ\u00f3mica, claramente, impact\u00f3 fuerte en la provincia de Buenos Aires y particularmente en el conurbano, donde Vidal y Macri tuvieron su peor desempe\u00f1o.<\/p>\n<p>Tambi\u00e9n sostuvieron que es mentira que Vidal haya tenido un retroceso desde las PASO: en cambio, se\u00f1alaron que creci\u00f3 unos 600 mil votos y que consigui\u00f3 sostener la cantidad de bancas en la legislatura bonaerense (92 en Diputados y 26 en el Senado). Es cierto, no obstante, que Macri sum\u00f3 unos 100 mil votantes m\u00e1s que ella y no menos. M\u00e1s all\u00e1 de los n\u00fameros, el cruce de pases de factura por los medios es s\u00f3lo el primer cap\u00edtulo de la dif\u00edcil tarea de que Macri acepte que exista una sucesi\u00f3n dentro del PRO. Por ahora, Larreta &#8211;el verdadero aspirante a reemplazarlo&#8211; no movi\u00f3 ninguna ficha.<\/p>\n<h6>Fuente: P\u00e1gina 12<\/h6>\n","protected":false},"excerpt":{"rendered":"<p>Desde el entorno del jefe de Gabinete se\u00f1alan a la gobernadora bonaerense como responsable de la ca\u00edda de Macri. Cerca de Vidal responden que la causa principal fue el fracaso econ\u00f3mico y apuntan contra la estrategia de confrontaci\u00f3n dise\u00f1ada por Pe\u00f1a<\/p>\n","protected":false},"author":2,"featured_media":95904,"comment_status":"closed","ping_status":"closed","sticky":false,"template":"","format":"standard","meta":{"footnotes":""},"categories":[4],"tags":[21],"class_list":["post-95903","post","type-post","status-publish","format-standard","has-post-thumbnail","hentry","category-informe-politico","tag-argentina"],"_links":{"self":[{"href":"http:\/\/argentinamunicipal.com.ar\/argentina\/wp-json\/wp\/v2\/posts\/95903","targetHints":{"allow":["GET"]}}],"collection":[{"href":"http:\/\/argentinamunicipal.com.ar\/argentina\/wp-json\/wp\/v2\/posts"}],"about":[{"href":"http:\/\/argentinamunicipal.com.ar\/argentina\/wp-json\/wp\/v2\/types\/post"}],"author":[{"embeddable":true,"href":"http:\/\/argentinamunicipal.com.ar\/argentina\/wp-json\/wp\/v2\/users\/2"}],"replies":[{"embeddable":true,"href":"http:\/\/argentinamunicipal.com.ar\/argentina\/wp-json\/wp\/v2\/comments?post=95903"}],"version-history":[{"count":0,"href":"http:\/\/argentinamunicipal.com.ar\/argentina\/wp-json\/wp\/v2\/posts\/95903\/revisions"}],"wp:featuredmedia":[{"embeddable":true,"href":"http:\/\/argentinamunicipal.com.ar\/argentina\/wp-json\/wp\/v2\/media\/95904"}],"wp:attachment":[{"href":"http:\/\/argentinamunicipal.com.ar\/argentina\/wp-json\/wp\/v2\/media?parent=95903"}],"wp:term":[{"taxonomy":"category","embeddable":true,"href":"http:\/\/argentinamunicipal.com.ar\/argentina\/wp-json\/wp\/v2\/categories?post=95903"},{"taxonomy":"post_tag","embeddable":true,"href":"http:\/\/argentinamunicipal.com.ar\/argentina\/wp-json\/wp\/v2\/tags?post=95903"}],"curies":[{"name":"wp","href":"https:\/\/api.w.org\/{rel}","templated":true}]}}