{"id":95915,"date":"2019-10-30T07:26:04","date_gmt":"2019-10-30T10:26:04","guid":{"rendered":"http:\/\/argentinamunicipal.com.ar\/argentina\/?p=95915"},"modified":"2019-10-30T07:26:04","modified_gmt":"2019-10-30T10:26:04","slug":"primer-encuentro-por-las-ciudades","status":"publish","type":"post","link":"http:\/\/argentinamunicipal.com.ar\/argentina\/primer-encuentro-por-las-ciudades\/","title":{"rendered":"Primer Encuentro por las Ciudades"},"content":{"rendered":"<p>Ser\u00e1 el pr\u00f3ximo jueves 31 de octubre, en el Colegio de Agrimensores.<\/p>\n<p>En el marco del D\u00eda Mundial de las Ciudades a celebrarse el pr\u00f3ximo jueves 31 de Octubre, el Centro de Estudios \u201cEncuentro para Santa Fe\u201d organiz\u00f3 el primer \u201cEncuentro por las Ciudades\u201d, con el objetivo de debatir e intercambiar acerca de la manera en que las ciudades se planifican, dise\u00f1an, financian, desarrollan, habitan y gobiernan.<\/p>\n<p>El D\u00eda Mundial de las Ciudades fue instaurado desde 2014 por la Organizaci\u00f3n de Naciones Unidas para fomentar la sensibilizaci\u00f3n al respecto.<\/p>\n<p>La actividad se desarrollar\u00e1 el mismo jueves 31 desde las 15 horas, en la sede del Colegio del Colegio de Profesionales de la Agrimensura, ubicado en avenida Freyre 2923, con entrada libre y gratuita, cumplimentando una pre inscripci\u00f3n (ver Inscripci\u00f3n), y se entregar\u00e1n certificados. El formato ser\u00e1 un panel abierto a todo p\u00fablico y luego un taller con cupo limitado. Para participar del mismo hay que inscribirse (ver Inscripci\u00f3n).<\/p>\n<p>La instancia del panel contar\u00e1 con la presencia de distintos especialistas en variadas disciplinas que abordan la tem\u00e1tica urbana. El panel \u201cCiudades y ordenamiento jur\u00eddico en la Provincia de Santa Fe\u201d estar\u00e1 a cargo del abogado especialista Ger\u00f3nimo Pe\u00f1alva.<\/p>\n<p>Luego ser\u00e1 el turno del panel \u201cDesaf\u00edos para las ciudades frente al cambio clim\u00e1tico: herramientas de financiamiento urbano\u201d, el cual estar\u00e1 a cargo de la abogada especialista en derecho inmobiliario, urban\u00edstico y de la construcci\u00f3n, Melinda Maldonado.<\/p>\n<p>\u201cEl crecimiento expansivo de las ciudades: impactos locales y metropolitanos\u201d, ser\u00e1 otro de los paneles, a cargo del Director de Proyectos del Instituto de Gesti\u00f3n de Ciudades, Roberto Monteverde.<\/p>\n<p>Por \u00faltimo, tendr\u00e1 lugar el panel \u201cRepensando el bienestar urbano. La agenda de la pol\u00edtica social de ciudades\u201d, con la presencia de Daniela Soldano, quien es Dra. Ciencias Sociales y Lic. en Ciencia Pol\u00edtica, y dirige el proyecto \u201cPol\u00edtica sociales, ciudadan\u00eda y condiciones de vida en la ciudad de Santa Fe (1983-2016)\u201d, entre otras investigaciones relacionadas a la cuesti\u00f3n social y cultural, urbana y las pol\u00edticas sociales.<\/p>\n<p>El cierre de los paneles estar\u00e1 a cargo del referente de Encuentro y concejal electo, Lucas Simoniello (FPCyS), que en la actualidad ocupa el cargo de subsecretario de Gesti\u00f3n del Suelo de la Secretar\u00eda de Estado del H\u00e1bitat de la Provincia de Santa Fe. \u201cEn este proceso, a 10 a\u00f1os de la sanci\u00f3n del Reglamento de Ordenamiento Urbano (ROU), queremos poner todo a debate\u201d, mencion\u00f3.<\/p>\n<p>Tener \u201cun norte\u201d<\/p>\n<p>Desde el Centro de Estudios \u201cEncuentro para Santa Fe\u201d vienen fomentando distintos tipos de encuentros, a trav\u00e9s de los cuales buscan fomentar saberes \u201cque no tienen hoy instancias de debate para discutir \u2018un norte\u2019\u201d, explic\u00f3 Simoniello. \u201cQueremos rediscutir nuestros proyectos e ideas con el objetivo de sumar a todos los interesados en participar\u201d.<\/p>\n<p>En ese sentido, se realizaron otros encuentros de discusi\u00f3n sobre los centros comerciales a cielo abierto; otro acerca de la educaci\u00f3n y la accesibilidad, vinculado a la infraestructura urbana y la pol\u00edtica educativa; tambi\u00e9n se abord\u00f3 la movilidad urbana y se puso en agenda el proyecto impulsado por Encuentro durante la \u00faltima campa\u00f1a proselitista sobre las \u201cestaciones de transferencia multimodal\u201d denominadas Tra-Mu, que son espacios de encuentro de distintos tipos de movilidad y transporte como son la bicicleta, la moto y el auto y el transporte p\u00fablico (colectivos y taxis), y servicios. \u201cNuestro espacio busca contar con esta instancia de debate para definir c\u00f3mo asumimos nuestros desaf\u00edos urbanos\u201d, dijo el funcionario.<\/p>\n<p>Luego de los paneles previstos para la jornada del 31 de octubre, a modo de cierre est\u00e1 prevista la realizaci\u00f3n del taller: \u201cConstruyendo identidades: ideas para asumir los desaf\u00edos urbanos\u201d, que estar\u00e1 a cargo del abogado especialista Giovanni Andr\u00e9s P\u00e9rez Mac\u00edas, interesado en dise\u00f1ar y facilitar experiencias customizadas de co-creaci\u00f3n. \u201cSer\u00e1 un taller participativo, representado por profesionales, funcionarios, actores de la sociedad civil como instituciones, vecinalistas y clubes. Queremos que participen todos, y enriquecer la mirada\u201d, dijo Simoniello.<br \/>\nAcceso a la informaci\u00f3n<\/p>\n<p>\u201cEl Municipio debe contar con una buena infraestructura de datos espaciales. Distintos datos georeferenciados deben ser de acceso p\u00fablico\u201d, reclam\u00f3 Simoniello. \u201cCruzar las capas nos permite planificar y determinar si las pol\u00edticas que implementamos son las correspondientes. Esto contribuye a su vez a la participaci\u00f3n y la transparencia\u201d.<br \/>\nInscripci\u00f3n<\/p>\n<p>El taller es libre y gratuito. Los organizadores solicitan realizar una pre inscripci\u00f3n en el siguiente link: http:\/\/encuentrosantafe.com.ar\/form\/pre_carga.php<\/p>\n<h6>Fuente: El Litoral<\/h6>\n","protected":false},"excerpt":{"rendered":"<p>Ser\u00e1 el pr\u00f3ximo jueves 31 de octubre, en el Colegio de Agrimensores.<\/p>\n","protected":false},"author":2,"featured_media":95916,"comment_status":"closed","ping_status":"closed","sticky":false,"template":"","format":"standard","meta":{"footnotes":""},"categories":[47],"tags":[10],"class_list":["post-95915","post","type-post","status-publish","format-standard","has-post-thumbnail","hentry","category-fiestas","tag-santa-fe"],"_links":{"self":[{"href":"http:\/\/argentinamunicipal.com.ar\/argentina\/wp-json\/wp\/v2\/posts\/95915","targetHints":{"allow":["GET"]}}],"collection":[{"href":"http:\/\/argentinamunicipal.com.ar\/argentina\/wp-json\/wp\/v2\/posts"}],"about":[{"href":"http:\/\/argentinamunicipal.com.ar\/argentina\/wp-json\/wp\/v2\/types\/post"}],"author":[{"embeddable":true,"href":"http:\/\/argentinamunicipal.com.ar\/argentina\/wp-json\/wp\/v2\/users\/2"}],"replies":[{"embeddable":true,"href":"http:\/\/argentinamunicipal.com.ar\/argentina\/wp-json\/wp\/v2\/comments?post=95915"}],"version-history":[{"count":0,"href":"http:\/\/argentinamunicipal.com.ar\/argentina\/wp-json\/wp\/v2\/posts\/95915\/revisions"}],"wp:featuredmedia":[{"embeddable":true,"href":"http:\/\/argentinamunicipal.com.ar\/argentina\/wp-json\/wp\/v2\/media\/95916"}],"wp:attachment":[{"href":"http:\/\/argentinamunicipal.com.ar\/argentina\/wp-json\/wp\/v2\/media?parent=95915"}],"wp:term":[{"taxonomy":"category","embeddable":true,"href":"http:\/\/argentinamunicipal.com.ar\/argentina\/wp-json\/wp\/v2\/categories?post=95915"},{"taxonomy":"post_tag","embeddable":true,"href":"http:\/\/argentinamunicipal.com.ar\/argentina\/wp-json\/wp\/v2\/tags?post=95915"}],"curies":[{"name":"wp","href":"https:\/\/api.w.org\/{rel}","templated":true}]}}