{"id":95998,"date":"2019-11-01T07:16:12","date_gmt":"2019-11-01T10:16:12","guid":{"rendered":"http:\/\/argentinamunicipal.com.ar\/argentina\/?p=95998"},"modified":"2019-11-01T07:16:12","modified_gmt":"2019-11-01T10:16:12","slug":"cliba-dejara-de-prestar-el-servicio-en-la-ciudad-de-santa-fe","status":"publish","type":"post","link":"http:\/\/argentinamunicipal.com.ar\/argentina\/cliba-dejara-de-prestar-el-servicio-en-la-ciudad-de-santa-fe\/","title":{"rendered":"Cliba dejar\u00e1 de prestar el servicio en la ciudad de Santa Fe"},"content":{"rendered":"<p>As\u00ed lo confirm\u00f3 el intendente de la ciudad. De todos modos, por contrato, deber\u00e1 prestar servicios por 120 d\u00edas m\u00e1s<\/p>\n<p>La empresa de recolecci\u00f3n de residuos, Cliba, rescindi\u00f3 su contrato con la Municipalidad de Santa Fe y el pr\u00f3ximo 8 de noviembre dejar\u00e1 de prestar servicio. El rumor que estaba circulando desde hace varias semana fue confirmada a Cadena 3 por el intendente Jos\u00e9 Corral, quien adem\u00e1s remarc\u00f3 que \u00abpese a esto, por contrato debe prestar servicio por 120 d\u00edas m\u00e1s\u00bb.<\/p>\n<p>La gran deuda que superar\u00eda los 300 millones de pesos, seg\u00fan inform\u00f3 la empresa prestadora del servicio y que le reclama al gobierno local, fue lo que desencaden\u00f3 la decisi\u00f3n.<\/p>\n<p>Hoy Cliba emplea a 428 obreros, seg\u00fan el sindicato, los que deber\u00edan pasar a la empresa que pueda realizar dichas tareas, las cuales abarcan a diferentes barrios del oeste de la ciudad, quienes ya se ven perjudicados por estos d\u00edas.<\/p>\n<p>Teniendo en cuenta los plazos,\u00a0ser\u00eda la gesti\u00f3n de Emilio Jat\u00f3n la que tendr\u00e1 en sus manos la definici\u00f3n de las pol\u00edticas a adoptar en torno a la recolecci\u00f3n de residuos\u00a0a partir de diciembre:\u00a0llegar a un acuerdo con Cliba, cambiar de manos privadas el servicio que prestaba dicha firma o municipalizarlo.<\/p>\n<h6>Fuente: Uno<\/h6>\n","protected":false},"excerpt":{"rendered":"<p>As\u00ed lo confirm\u00f3 el intendente de la ciudad. De todos modos, por contrato, deber\u00e1 prestar servicios por 120 d\u00edas m\u00e1s<\/p>\n","protected":false},"author":2,"featured_media":95999,"comment_status":"closed","ping_status":"closed","sticky":false,"template":"","format":"standard","meta":{"footnotes":""},"categories":[5],"tags":[10],"class_list":["post-95998","post","type-post","status-publish","format-standard","has-post-thumbnail","hentry","category-informe-economico","tag-santa-fe"],"_links":{"self":[{"href":"http:\/\/argentinamunicipal.com.ar\/argentina\/wp-json\/wp\/v2\/posts\/95998","targetHints":{"allow":["GET"]}}],"collection":[{"href":"http:\/\/argentinamunicipal.com.ar\/argentina\/wp-json\/wp\/v2\/posts"}],"about":[{"href":"http:\/\/argentinamunicipal.com.ar\/argentina\/wp-json\/wp\/v2\/types\/post"}],"author":[{"embeddable":true,"href":"http:\/\/argentinamunicipal.com.ar\/argentina\/wp-json\/wp\/v2\/users\/2"}],"replies":[{"embeddable":true,"href":"http:\/\/argentinamunicipal.com.ar\/argentina\/wp-json\/wp\/v2\/comments?post=95998"}],"version-history":[{"count":0,"href":"http:\/\/argentinamunicipal.com.ar\/argentina\/wp-json\/wp\/v2\/posts\/95998\/revisions"}],"wp:featuredmedia":[{"embeddable":true,"href":"http:\/\/argentinamunicipal.com.ar\/argentina\/wp-json\/wp\/v2\/media\/95999"}],"wp:attachment":[{"href":"http:\/\/argentinamunicipal.com.ar\/argentina\/wp-json\/wp\/v2\/media?parent=95998"}],"wp:term":[{"taxonomy":"category","embeddable":true,"href":"http:\/\/argentinamunicipal.com.ar\/argentina\/wp-json\/wp\/v2\/categories?post=95998"},{"taxonomy":"post_tag","embeddable":true,"href":"http:\/\/argentinamunicipal.com.ar\/argentina\/wp-json\/wp\/v2\/tags?post=95998"}],"curies":[{"name":"wp","href":"https:\/\/api.w.org\/{rel}","templated":true}]}}