{"id":96098,"date":"2019-11-05T06:09:25","date_gmt":"2019-11-05T09:09:25","guid":{"rendered":"http:\/\/argentinamunicipal.com.ar\/argentina\/?p=96098"},"modified":"2019-11-04T20:44:25","modified_gmt":"2019-11-04T23:44:25","slug":"la-pobreza-detectada-en-casilda-esta-por-encima-de-la-media-nacional","status":"publish","type":"post","link":"http:\/\/argentinamunicipal.com.ar\/argentina\/la-pobreza-detectada-en-casilda-esta-por-encima-de-la-media-nacional\/","title":{"rendered":"La pobreza detectada en Casilda est\u00e1 por encima de la media nacional"},"content":{"rendered":"<p>El dato surge de un relevamiento comunitario de seguridad social realizado por profesionales de la UNR.<\/p>\n<p>La preocupante realidad socioecon\u00f3mica que viven centenares de familias casildenses, qued\u00f3 reflejada en un relevamiento comunitario de seguridad social que arroja datos tan reveladores como alarmantes en materia de necesidades insatisfechas.<\/p>\n<p>El trabajo demuestra que la pobreza en la cabecera del departamento Caseros, donde viven cerca de 40 mil habitantes, trep\u00f3 a un 44 por ciento, lo que est\u00e1 por encima de la media nacional del 35,4 por ciento, seg\u00fan la \u00faltima medici\u00f3n realizada por el Instituto Nacional de Estad\u00edsticas y Censos (Indec) en el primer semestre de septiembre, cuyo organismo tambi\u00e9n toma como indicador los niveles de ingreso del grupo familiar como se hizo en la comunidad casildense.<\/p>\n<p>La situaci\u00f3n es a\u00fan peor en el populoso barrio Nueva Roma, que supera ampliamente el promedio general con un 64 por ciento de su poblaci\u00f3n por debajo de la l\u00ednea de la pobreza. Y no menos elocuente resulta que el 14 por ciento que forma parte del universo de pobres no pueda cubrir la canasta alimentaria.<\/p>\n<p>El relevamiento se inscribe en el marco de un convenio de colaboraci\u00f3n entre la Universidad Nacional de Rosario (UNR) y la Comisi\u00f3n Bicameral de Seguimiento de Fondos de la Seguridad Social que, entre otros legisladores, integra la senadora nacional por Santa Fe, Mar\u00eda de los Angeles Sacnun, quien impuls\u00f3 la iniciativa.<\/p>\n<p>Despu\u00e9s de debutar en territorio rosarino, Casilda se convirti\u00f3 en la segunda ciudad santafesina en formar parte del sondeo que, entre otras variables, apunt\u00f3 a conocer inquietudes, preocupaciones y necesidades de jubilados y otros sectores de la sociedad.<\/p>\n<p>El informe sobre los resultados del trabajo desarrollado entre julio y agosto por un equipo de profesionales de la UNR fue presentado en el Sal\u00f3n Dorado de la Municipalidad ante la presencia de representantes de instituciones locales vinculadas al tema y del Concejo Municipal, cuyo organismo plante\u00f3 oportunamente la posibilidad de que Casilda sea integrada al relevamiento.<\/p>\n<p>De la informaci\u00f3n recabada no solo resulta preocupante los altos \u00edndices de pobreza sino tambi\u00e9n aspectos vinculados con el campo laboral ya que un 49 por ciento de la franja de personas que trabajan no est\u00e1 registro, algo que supera lo identificado en Rosario donde la informalidad\u00a0detectada fue de un 27 por ciento.<\/p>\n<p>\u00abQue s\u00f3lo un 51 por ciento est\u00e9 en relaci\u00f3n de dependencia y el resto no registrado es alarmante ya que esa debilidad en las relaciones laborales se traduce en la cobertura en salud, donde un 41 por ciento de los encuestados asiste a la salud p\u00fablica, un 22 por ciento a Pami, un 21 por ciento cuenta con obra social, un 14 por ciento con prepaga, y un 2 por ciento con mutual. Evidentemente el alto porcentaje de asistencia a los efectores p\u00fablicos est\u00e1 estrechamente vinculado con el desempleo, que es de un 13 por ciento, y el trabajo informal registrado en la muestra\u00bb.<\/p>\n<p>As\u00ed lo evalu\u00f3 la licenciada en ciencia pol\u00edtica, Franca Bonifazzi, quien fue una de las responsables del trabajo junto a la abogada previsionalista y coordinadora del grupo, Liliana Coronel, y al antrop\u00f3logo, Juan Irigoitia, quien dise\u00f1\u00f3 y monitore\u00f3 los cuestionarios realizados.<\/p>\n<p>De los encuestados un 96 por ciento manifest\u00f3 que los aumentos previsionales fueron \u00abinsuficientes\u00bb mientras que un 44 por ciento asegur\u00f3 haber accedido a un cr\u00e9dito de Anses en los \u00faltimos tres a\u00f1os, siendo los titulares de la AUH quienes m\u00e1s lo requirieron, mayoritariamente (en un 70 por ciento), \u00abpara pagar alimentos, vestimenta, impuestos y cancelar deudas\u00bb, explicaron los profesionales.<\/p>\n<p>Asimismo apuntaron que \u00abdel relevamiento se desprende un alto nivel de desconocimiento sobre las medidas previsionales, pero mucha facilidad por parte de Ans\u00e9s para promover el cr\u00e9dito y comprometer en endeudamiento a los sectores m\u00e1s desfavorecidos\u00bb.<\/p>\n<p>De lo relevado \u00abel tr\u00e1nsito por la escolaridad es el indicador que se presenta m\u00e1s favorable ya que solo un 13 por ciento no finaliz\u00f3 el primario, el 66 por ciento asisti\u00f3 al nivel secundario y finaliz\u00f3 un 49 por ciento mientras que un 30 por ciento accedi\u00f3 a estudios superiores y termin\u00f3 un 17 por ciento\u00bb.<\/p>\n<p>Cabe resaltar que del total de los consultados un 60 por ciento percibe prestaciones de la Ans\u00e9s, tal el caso de los jubilados casildenses de los cuales el 55 por ciento accedi\u00f3 a su haber por moratoria previsional y solo un 20 por ciento ingres\u00f3 al programa de reparaci\u00f3n hist\u00f3rica.<\/p>\n<p>Al respecto, Coronel record\u00f3 que \u00abla Ley de moratoria previsional y la ampliaci\u00f3n del salario familiar a los trabajadores informales a trav\u00e9s de la AUH permiti\u00f3 ubicar a Argentina como uno de los pa\u00edses con mayor cobertura de protecci\u00f3n social alcanzando un 97 por ciento de la poblaci\u00f3n, lo que se puso en jaque con la reforma previsional y el ajuste a trav\u00e9s de las modificaciones de la movilidad\u00bb.<\/p>\n<p>En ese contexto se\u00f1al\u00f3 que \u00abla naturaleza del organismo fue modific\u00e1ndose, siendo hoy uno de los que brinda pol\u00edticas de cr\u00e9ditos masivos a los sectores populares, con tasas por encima del 54 por ciento\u00bb.<\/p>\n<p>Sobre el estudio, Bonifazzi explic\u00f3 que \u00abCasilda fue incorporada como una ciudad de contraste con Rosario al estar en el coraz\u00f3n del centro de desarrollo agro-pampeano\u00bb. As\u00ed se avanz\u00f3 por los barrios Barracas, Alberdi, Yapey\u00fa, Centro, Nueva Roma, Timerman, San Carlos, Parque, Empleados de Comercio, UOM, Granaderos a Caballo y Los Robles \u00abdonde se abordaron variables sobre la situaci\u00f3n socioecon\u00f3mica de la poblaci\u00f3n as\u00ed como el nivel de conocimiento y la opini\u00f3n sobre las leyes previsionales adem\u00e1s de hurguetear sobre el acceso y el destino a los cr\u00e9ditos de Ans\u00e9s\u00bb, puntualiz\u00f3.<\/p>\n<p>El relevamiento tambi\u00e9n sum\u00f3 preguntas abiertas que generaron elocuentes respuestas que fueron volcadas en el informe, las cuales ponen de relieve \u00abla gran deuda social pendiente en la localidad de Casilda\u00bb, dijo Bonizza.<\/p>\n<p>Entre los testimonios publicados se destaca el de una mujer desempleada y madre de tres hijos, quien asegur\u00f3 que \u00abhace dos a\u00f1os que no compramos ropa y comemos sobras de la carnicer\u00eda\u00bb. Igual de duro fue el relato de un hombre de 59 a\u00f1os al sostener: \u00abCortaba pasto para la Municipalidad hasta que en marzo perd\u00ed el trabajo y hay d\u00edas que no s\u00e9 para d\u00f3nde agarrar. No tenemos comida, pasta de dientes, ropa, ni detergente\u00bb.<\/p>\n<p>Presentaci\u00f3n. Los resultados del trabajo fueron expuestos en el Sal\u00f3n Dorado del municipio casildense.<\/p>\n<p>Los n\u00fameros de la desigualdad<\/p>\n<p>\u00abLo recabado en este estudio revela la gran deuda social pendiente de respuesta en la ciudad de Casilda\u00bb<\/p>\n<h6>Fuente: La Capital<\/h6>\n","protected":false},"excerpt":{"rendered":"<p>El dato surge de un relevamiento comunitario de seguridad social realizado por profesionales de la UNR.<\/p>\n","protected":false},"author":2,"featured_media":96099,"comment_status":"closed","ping_status":"closed","sticky":false,"template":"","format":"standard","meta":{"footnotes":""},"categories":[2],"tags":[10],"class_list":["post-96098","post","type-post","status-publish","format-standard","has-post-thumbnail","hentry","category-informe-municipal","tag-santa-fe"],"_links":{"self":[{"href":"http:\/\/argentinamunicipal.com.ar\/argentina\/wp-json\/wp\/v2\/posts\/96098","targetHints":{"allow":["GET"]}}],"collection":[{"href":"http:\/\/argentinamunicipal.com.ar\/argentina\/wp-json\/wp\/v2\/posts"}],"about":[{"href":"http:\/\/argentinamunicipal.com.ar\/argentina\/wp-json\/wp\/v2\/types\/post"}],"author":[{"embeddable":true,"href":"http:\/\/argentinamunicipal.com.ar\/argentina\/wp-json\/wp\/v2\/users\/2"}],"replies":[{"embeddable":true,"href":"http:\/\/argentinamunicipal.com.ar\/argentina\/wp-json\/wp\/v2\/comments?post=96098"}],"version-history":[{"count":0,"href":"http:\/\/argentinamunicipal.com.ar\/argentina\/wp-json\/wp\/v2\/posts\/96098\/revisions"}],"wp:featuredmedia":[{"embeddable":true,"href":"http:\/\/argentinamunicipal.com.ar\/argentina\/wp-json\/wp\/v2\/media\/96099"}],"wp:attachment":[{"href":"http:\/\/argentinamunicipal.com.ar\/argentina\/wp-json\/wp\/v2\/media?parent=96098"}],"wp:term":[{"taxonomy":"category","embeddable":true,"href":"http:\/\/argentinamunicipal.com.ar\/argentina\/wp-json\/wp\/v2\/categories?post=96098"},{"taxonomy":"post_tag","embeddable":true,"href":"http:\/\/argentinamunicipal.com.ar\/argentina\/wp-json\/wp\/v2\/tags?post=96098"}],"curies":[{"name":"wp","href":"https:\/\/api.w.org\/{rel}","templated":true}]}}