{"id":9637,"date":"2014-06-15T07:00:07","date_gmt":"2014-06-15T10:00:07","guid":{"rendered":"http:\/\/argentinamunicipal.com.ar\/argentina\/?p=9637"},"modified":"2014-06-13T18:10:29","modified_gmt":"2014-06-13T21:10:29","slug":"rio-negro-quieren-crear-parque-provincial-para-conservar-muestra-de-ecosistema-de-bosques","status":"publish","type":"post","link":"http:\/\/argentinamunicipal.com.ar\/argentina\/rio-negro-quieren-crear-parque-provincial-para-conservar-muestra-de-ecosistema-de-bosques\/","title":{"rendered":"R\u00edo Negro: Quieren crear Parque provincial para conservar muestra de ecosistema de bosques"},"content":{"rendered":"<p><a href=\"http:\/\/argentinamunicipal.com.ar\/argentina\/wp-content\/uploads\/2014\/06\/Rio-Chubut-Raft.jpg\"><img loading=\"lazy\" decoding=\"async\" class=\"aligncenter size-full wp-image-9638\" src=\"http:\/\/argentinamunicipal.com.ar\/argentina\/wp-content\/uploads\/2014\/06\/Rio-Chubut-Raft.jpg\" alt=\"Rio Chubut Raft\" width=\"750\" height=\"500\" srcset=\"http:\/\/argentinamunicipal.com.ar\/argentina\/wp-content\/uploads\/2014\/06\/Rio-Chubut-Raft.jpg 750w, http:\/\/argentinamunicipal.com.ar\/argentina\/wp-content\/uploads\/2014\/06\/Rio-Chubut-Raft-300x200.jpg 300w\" sizes=\"auto, (max-width: 750px) 100vw, 750px\" \/><\/a><\/p>\n<p>Los legisladores C\u00e9sar Miguel, Mart\u00edn Do\u00f1ate y Silvia Horne (FpV) presentaron un proyecto de ley para crear el \u201cParque Provincial Cayu Leufu\u201d, con el fin de conservar una muestra representativa del ecosistema m\u00e1s oriental de los bosques andino-patag\u00f3nicos y del ecosistema de transici\u00f3n entre el bosque y la estepa, as\u00ed como sus sistemas h\u00eddricos y bellezas paisaj\u00edsticas.<\/p>\n<p>La propuesta tiene como objetivo prioritario la conservaci\u00f3n de los recursos naturales en la altas cuencas de seis de los principales r\u00edos de la regi\u00f3n andina dentro del territorio provincial.<\/p>\n<p>Seg\u00fan los autores, la conservaci\u00f3n de estas cuencas resulta estrat\u00e9gica para garantizar a futuro el desarrollo humano en pueblos y ciudades ubicadas aguas abajo, como asimismo el desarrollo de las actividades agropecuarias que tradicionalmente se realizan en los valles inferiores.<\/p>\n<p>En el \u00e1rea comprendida se encuentran las nacientes de los r\u00edos Foyel, Los Repollos, Ternero y Villegas \u2013de vertiente hacia el oc\u00e9ano Pac\u00edfico- y los r\u00edos Pichileufu y Chubut \u2013de vertiente hacia el oc\u00e9ano Atl\u00e1ntico-. Aguas abajo de estos cauces h\u00eddricos, se encuentran la ciudad de El Bols\u00f3n, los poblados del El Foyel y el vecino pueblo El Mait\u00e9n de la provincia del Chubut.<\/p>\n<p>La creaci\u00f3n de este Parque busca garantizar a perpetuidad la provisi\u00f3n de bienes y servicios ambientales de alta calidad a las poblaciones y comunidades vecinas; promover el bienestar general de la poblaci\u00f3n a trav\u00e9s de la realizaci\u00f3n de actividades recreativas, educativas, cient\u00edficas y de esparcimiento compatibles con la conservaci\u00f3n de los recursos naturales; proteger la biodiversidad, los recursos gen\u00e9ticos, las nacientes de cuencas h\u00eddricas, la calidad de las aguas y del aire y la pristinidad del ambiente natural; y conservar los valores, tradiciones y costumbres de los pueblos originarios y pobladores criollos asentados dentro del \u00e1rea protegida.<\/p>\n<p>La iniciativa plantea que la Secretar\u00eda de Ambiente y Desarrollo Sustentable, como autoridad de aplicaci\u00f3n del Sistema Provincial de \u00c1reas Naturales Protegidas, coordinar\u00eda la elaboraci\u00f3n del plan de manejo para el \u00e1rea protegida y su zonificaci\u00f3n. con los organismos provinciales vinculados al manejo integral del \u00e1rea y con participaci\u00f3n de pobladores locales, comunidades ind\u00edgenas, ONGs ambientalistas y organismos acad\u00e9micos.<\/p>\n<p>Los planes de manejo para el \u00e1rea deber\u00e1n obligatoriamente contar con la debida participaci\u00f3n de los pobladores criollos y de las comunidades ind\u00edgenas preexistentes que queden involucrados en el Parque Provincial, a fin de respetar las pr\u00e1cticas, usos y costumbres ancestrales y culturales relacionados a la administraci\u00f3n y aprovechamiento de los recursos naturales, a fin de realizar un manejo de los recursos que garantice un desarrollo compatible con el \u00e1rea protegida.<\/p>\n<p>El territorio propuesto como \u00c1rea Natural Protegida se encuentra ubicado dentro de la Reserva de Bi\u00f3sfera Andino Nor-Patag\u00f3nica, que fue incorporada a la Red Mundial de Reservas de Bi\u00f3sfera en septiembre de 2007, a trav\u00e9s del Programa sobre el Hombre y la Bi\u00f3sfera (MAB) de la Unesco, que a\u00f1adi\u00f3 adem\u00e1s una superficie equivalente de Bosques Templados Lluviosos de los Andes Australes de Chile, contiguo a la reserva argentina, constituyendo una unidad ambiental con car\u00e1cter binacional de m\u00e1s de 5.000.000 de hect\u00e1reas.<\/p>\n<h6>Fuente: ADN R\u00edo Negro<\/h6>\n","protected":false},"excerpt":{"rendered":"<p>Los legisladores C\u00e9sar Miguel, Mart\u00edn Do\u00f1ate y Silvia Horne (FpV) presentaron un proyecto de ley para crear el \u201cParque Provincial Cayu Leufu\u201d, con el fin de conservar una muestra representativa del ecosistema m\u00e1s oriental de los bosques andino-patag\u00f3nicos y del ecosistema de transici\u00f3n entre el bosque y la estepa, as\u00ed como sus sistemas h\u00eddricos y<\/p>\n","protected":false},"author":2,"featured_media":9638,"comment_status":"closed","ping_status":"closed","sticky":false,"template":"","format":"standard","meta":{"footnotes":""},"categories":[2],"tags":[11],"class_list":["post-9637","post","type-post","status-publish","format-standard","has-post-thumbnail","hentry","category-informe-municipal","tag-rio-negro"],"_links":{"self":[{"href":"http:\/\/argentinamunicipal.com.ar\/argentina\/wp-json\/wp\/v2\/posts\/9637","targetHints":{"allow":["GET"]}}],"collection":[{"href":"http:\/\/argentinamunicipal.com.ar\/argentina\/wp-json\/wp\/v2\/posts"}],"about":[{"href":"http:\/\/argentinamunicipal.com.ar\/argentina\/wp-json\/wp\/v2\/types\/post"}],"author":[{"embeddable":true,"href":"http:\/\/argentinamunicipal.com.ar\/argentina\/wp-json\/wp\/v2\/users\/2"}],"replies":[{"embeddable":true,"href":"http:\/\/argentinamunicipal.com.ar\/argentina\/wp-json\/wp\/v2\/comments?post=9637"}],"version-history":[{"count":0,"href":"http:\/\/argentinamunicipal.com.ar\/argentina\/wp-json\/wp\/v2\/posts\/9637\/revisions"}],"wp:featuredmedia":[{"embeddable":true,"href":"http:\/\/argentinamunicipal.com.ar\/argentina\/wp-json\/wp\/v2\/media\/9638"}],"wp:attachment":[{"href":"http:\/\/argentinamunicipal.com.ar\/argentina\/wp-json\/wp\/v2\/media?parent=9637"}],"wp:term":[{"taxonomy":"category","embeddable":true,"href":"http:\/\/argentinamunicipal.com.ar\/argentina\/wp-json\/wp\/v2\/categories?post=9637"},{"taxonomy":"post_tag","embeddable":true,"href":"http:\/\/argentinamunicipal.com.ar\/argentina\/wp-json\/wp\/v2\/tags?post=9637"}],"curies":[{"name":"wp","href":"https:\/\/api.w.org\/{rel}","templated":true}]}}