{"id":96500,"date":"2019-11-13T07:32:30","date_gmt":"2019-11-13T10:32:30","guid":{"rendered":"http:\/\/argentinamunicipal.com.ar\/argentina\/?p=96500"},"modified":"2019-11-13T07:32:30","modified_gmt":"2019-11-13T10:32:30","slug":"santa-fe-trabajo-convoco-a-conciliacion-y-festram-suspendio-provisoriamente-el-paro-y-la-movilizacion-del-14","status":"publish","type":"post","link":"http:\/\/argentinamunicipal.com.ar\/argentina\/santa-fe-trabajo-convoco-a-conciliacion-y-festram-suspendio-provisoriamente-el-paro-y-la-movilizacion-del-14\/","title":{"rendered":"Santa Fe: Trabajo convoc\u00f3 a Conciliaci\u00f3n y FESTRAM suspendi\u00f3 provisoriamente el Paro y la Movilizaci\u00f3n del 14"},"content":{"rendered":"<p>INTENDENTES GESTIONARON LA INTERVENCI\u00d3N DEL MINISTERIO DE TRABAJO Y SE REUNIR\u00c1N CON EL GREMIO PROVINCIAL EN LA B\u00daSQUEDA DE UN ACUERDO QUE PERMITA GARANTIZAR SALARIOS Y ESTABILIDAD.<\/p>\n<p>Si bien el Plan de Lucha contin\u00faa con paros, cortes de rutas y protestas callejeras en los lugares donde no se ha dado cumplimiento al pago total de haberes y fundamentalmente en la Comuna de Maciel en reclamo de la reincorporaci\u00f3n de 15 trabajadoras y trabajadores despedidos, la medida de fuerza provincial prevista para el 14 fue suspendida provisoriamente para poder iniciar las audiencias de conciliaci\u00f3n, que permitan la reincorporaci\u00f3n de los trabajadores despedidos por la Intervenci\u00f3n de esa Comuna.<\/p>\n<p>La fecha dispuesta inicialmente por FESTRAM para el 14 de Noviembre, alarm\u00f3 a las administraciones locales por los inconvenientes que pudiera causar en la recaudaci\u00f3n, afectando el cumplimiento de salarios, ya que el paro era previo a un fin de semana con dos feriados continuos.<\/p>\n<p>Sin embargo, esta decisi\u00f3n no alcanza a aquellos municipios que no han cumplido con el pago de salarios en tiempo y forma.<\/p>\n<p>Los Intendentes de distintos partidos pol\u00edticos se interesaron por la situaci\u00f3n de los despedidos y resolvieron solicitar al Ministerio de Trabajo la Conciliaci\u00f3n Obligatoria, atendiendo que las cesant\u00edas\u00a0\u00a0fueron ejecutadas por el Interventor designado por el Gobernador de la Provincia. La primera reuni\u00f3n est\u00e1 convocada para el d\u00eda 13 en la Delegaci\u00f3n Rosario del MTEYSS. La decisi\u00f3n fue avalada por unanimidad por el Congreso Ordinario que sesion\u00f3 en FESTRAM.<\/p>\n<p>ESTABILIDAD LABORAL, PRESERVACI\u00d3N DE LOS PUESTOS DE TRABAJO Y CL\u00c1USULA GATILLO.<br \/>\nEl Plan de Lucha de la Federaci\u00f3n que incluye Paros, Movilizaciones activas y protestas en las rutas, continuar\u00e1 en aquellas localidades que no est\u00e9n dando cumplimiento a la Cl\u00e1usula Gatillo acordadas en la Paritaria Municipal. Las medidas adoptadas est\u00e1n tambi\u00e9n directamente relacionadas, no s\u00f3lo a la defensa del salario, sino particularmente a la estabilidad laboral y especialmente a la defensa de los puestos de trabajo de los trabajadores y trabajadoras precarizados, practicantes, pasantes y cualquier tipo de informalidad en Municipios y Comunas.<\/p>\n<p>Por \u00faltimo \u2013 y en otro orden de cosas \u2013 el Congreso Ordinario de Aprobaci\u00f3n de Memoria y Balance se solidariz\u00f3 con la lucha del pueblo de Chile en su reclamo por la construcci\u00f3n de una sociedad m\u00e1s justa e igualitaria que reafirme derechos para el conjunto de la poblaci\u00f3n y repudi\u00f3 el Golpe de Estado en Bolivia que desplaz\u00f3 del Gobierno a Evo Morales, violentando la Constituci\u00f3n de dicho pa\u00eds y el proceso democr\u00e1tico que se ven\u00eda desarrollando.<\/p>\n<h6>PRENSA FESTRAM<\/h6>\n","protected":false},"excerpt":{"rendered":"<p>INTENDENTES GESTIONARON LA INTERVENCI\u00d3N DEL MINISTERIO DE TRABAJO Y SE REUNIR\u00c1N CON EL GREMIO PROVINCIAL EN LA B\u00daSQUEDA DE UN ACUERDO QUE PERMITA GARANTIZAR SALARIOS Y ESTABILIDAD.<\/p>\n","protected":false},"author":2,"featured_media":96501,"comment_status":"closed","ping_status":"closed","sticky":false,"template":"","format":"standard","meta":{"footnotes":""},"categories":[7],"tags":[10],"class_list":["post-96500","post","type-post","status-publish","format-standard","has-post-thumbnail","hentry","category-informe-sindical","tag-santa-fe"],"_links":{"self":[{"href":"http:\/\/argentinamunicipal.com.ar\/argentina\/wp-json\/wp\/v2\/posts\/96500","targetHints":{"allow":["GET"]}}],"collection":[{"href":"http:\/\/argentinamunicipal.com.ar\/argentina\/wp-json\/wp\/v2\/posts"}],"about":[{"href":"http:\/\/argentinamunicipal.com.ar\/argentina\/wp-json\/wp\/v2\/types\/post"}],"author":[{"embeddable":true,"href":"http:\/\/argentinamunicipal.com.ar\/argentina\/wp-json\/wp\/v2\/users\/2"}],"replies":[{"embeddable":true,"href":"http:\/\/argentinamunicipal.com.ar\/argentina\/wp-json\/wp\/v2\/comments?post=96500"}],"version-history":[{"count":0,"href":"http:\/\/argentinamunicipal.com.ar\/argentina\/wp-json\/wp\/v2\/posts\/96500\/revisions"}],"wp:featuredmedia":[{"embeddable":true,"href":"http:\/\/argentinamunicipal.com.ar\/argentina\/wp-json\/wp\/v2\/media\/96501"}],"wp:attachment":[{"href":"http:\/\/argentinamunicipal.com.ar\/argentina\/wp-json\/wp\/v2\/media?parent=96500"}],"wp:term":[{"taxonomy":"category","embeddable":true,"href":"http:\/\/argentinamunicipal.com.ar\/argentina\/wp-json\/wp\/v2\/categories?post=96500"},{"taxonomy":"post_tag","embeddable":true,"href":"http:\/\/argentinamunicipal.com.ar\/argentina\/wp-json\/wp\/v2\/tags?post=96500"}],"curies":[{"name":"wp","href":"https:\/\/api.w.org\/{rel}","templated":true}]}}