{"id":96509,"date":"2019-11-13T07:46:21","date_gmt":"2019-11-13T10:46:21","guid":{"rendered":"http:\/\/argentinamunicipal.com.ar\/argentina\/?p=96509"},"modified":"2019-11-13T07:46:21","modified_gmt":"2019-11-13T10:46:21","slug":"la-uocra-denuncia-3-mil-puestos-de-trabajo-menos-en-santa-fe-y-pide-que-no-vengan-con-el-cuento-de-la-transicion","status":"publish","type":"post","link":"http:\/\/argentinamunicipal.com.ar\/argentina\/la-uocra-denuncia-3-mil-puestos-de-trabajo-menos-en-santa-fe-y-pide-que-no-vengan-con-el-cuento-de-la-transicion\/","title":{"rendered":"La Uocra denuncia 3 mil puestos de trabajo menos en Santa Fe y pide que no vengan con \u00abel cuento de la transici\u00f3n\u00bb"},"content":{"rendered":"<p>Carlos Vergara, referente del gremio a nivel nacional, estuvo reunido con representantes de la C\u00e1mara Argentina de la Construcci\u00f3n en Santa Fe. En el marco de la transici\u00f3n provincial, denuncian la falta de un plan en obras y la ralentizaci\u00f3n de las que est\u00e1n en desarrollo.<\/p>\n<p>En la C\u00e1mara Argentina de la Construcci\u00f3n (CAC) estuvieron reunidos este martes, empresarios del sector y referentes del sindicato de la Uocra a nivel local y nacional. El objetivo del encuentro fue analizar la situaci\u00f3n de la obra p\u00fablica en la provincia de Santa Fe.<\/p>\n<p>El motivo de\u00a0reunir a patrones y empleados fue un claro mensaje al actual gobierno.\u00a0En un proceso de transici\u00f3n vidrioso y que no encuentra hasta el momento un di\u00e1logo fluido, la C.A.C viene denunciando la falta de un plan de obras a futuro (el actual gobierno se comprometi\u00f3 a no realizar m\u00e1s\u00a0licitaciones) y el atraso en los pagos, lo que genera la ralentizaci\u00f3n en distintos frentes de obras.<\/p>\n<p>Quien visit\u00f3 Santa Fe fue el delegado nacional del sindicato, Carlos Vergara. Junto a los titulares de la C\u00e1mara Argentina de la Construcci\u00f3n de Santa Fe y\u00a0Rosario, Vergara dijo que \u00aben estos \u00faltimos nueves meses, a nivel nacional tenemos aproximadamente 40 mil trabajadores menos.\u00a0Ac\u00e1 (por Santa Fe) tenemos alrededor de tres mil trabajadores menos en los \u00faltimos cuatro meses.\u00a0Estamos hablando solo de los trabajadores en blanco, no estamos hablando de los trabajadores indirectos\u00bb.<\/p>\n<p>El referente sindical hizo referencia a la transici\u00f3n provincial y destac\u00f3 que dicho proceso no deber\u00eda ser un inconveniente en la continuidad de la obra p\u00fablica de Santa Fe. En esa l\u00ednea, sostuvo que \u00abla gobernabilidad de un pol\u00edtico tiene que ser hasta el \u00faltimo d\u00eda. Cuando asuma Perotti, iremos a discutir con Perotti\u00bb.<\/p>\n<p>\u00abPara la Uocra -a\u00f1adi\u00f3- no hay transici\u00f3n. No es un problema pol\u00edtico para nosotros. Lo nuestro es un problema de trabajo. Hay familias que se quedan sin trabajo, el hombre que ten\u00eda el flete, la hormigonera; el que vende comida, todo el mundo se qued\u00f3 sin trabajo\u00bb.<\/p>\n<p>Vergara coment\u00f3 que buscar\u00e1n reunirse con el gobernador para saber \u00abQu\u00e9 pasa, por qu\u00e9 hay obras que se pararon\u00bb. Insisti\u00f3 con la idea de que Lifschitz debe gobernar \u00abhasta el \u00faltimo d\u00eda. Lo digo con todo respeto al se\u00f1or gobernador\u00bb.<\/p>\n<p>Volvi\u00f3 a reiterar que la \u00abtransici\u00f3n, no es una palabra v\u00e1lida\u00bb; y agreg\u00f3: \u00abLo voy a decir en criollo. No vengamos con el cuento de la transici\u00f3n porque yo no voy. Que me den un motivo cierto. Me dicen que es un problema de transici\u00f3n, yo no le puedo decir eso a los trabajadores\u00bb.<\/p>\n<p>En declaraciones a la emisora LT 10, el presidente de la C\u00e1mara de la Construcci\u00f3n de Santa Fe, Renatto Franzoni dijo que la obra publica en la provincia \u00abno deja de ser algo preocupante\u00bb, y a\u00f1adi\u00f3: \u00abEsta famosa transici\u00f3n hace que no tengamos un programa de obras. Adem\u00e1s, el programa que ven\u00edamos trabajando con el actual gobierno se achic\u00f3 mucho. Hay problemas de pagos, que no lo ven\u00edamos teniendo. Al no tener un programa de obras, se agrava much\u00edsimo\u00bb<\/p>\n<p>Consultado Vergara sobre si han tenido contacto con el gobernador, respondi\u00f3: \u00abVamos a buscarlo. Vamos a hablar con el gobernador\u00bb. En relaci\u00f3n a Perotti, coment\u00f3: \u00abNo he hablado todav\u00eda. Ir\u00e9 a hablar el d\u00eda que asuma, cuando se haga responsable. Hoy, quien gobierna es el se\u00f1or gobernador en la provincia de Santa Fe, es quien tiene la responsabilidad. Si \u00e9l me quiere decir que es un problema de transici\u00f3n, que llame a Perotti y hablemos los tres\u00bb.<\/p>\n<h6>Fuente: Uno<\/h6>\n","protected":false},"excerpt":{"rendered":"<p>Carlos Vergara, referente del gremio a nivel nacional, estuvo reunido con representantes de la C\u00e1mara Argentina de la Construcci\u00f3n en Santa Fe.<\/p>\n","protected":false},"author":2,"featured_media":96510,"comment_status":"closed","ping_status":"closed","sticky":false,"template":"","format":"standard","meta":{"footnotes":""},"categories":[65],"tags":[10],"class_list":["post-96509","post","type-post","status-publish","format-standard","has-post-thumbnail","hentry","category-provincias","tag-santa-fe"],"_links":{"self":[{"href":"http:\/\/argentinamunicipal.com.ar\/argentina\/wp-json\/wp\/v2\/posts\/96509","targetHints":{"allow":["GET"]}}],"collection":[{"href":"http:\/\/argentinamunicipal.com.ar\/argentina\/wp-json\/wp\/v2\/posts"}],"about":[{"href":"http:\/\/argentinamunicipal.com.ar\/argentina\/wp-json\/wp\/v2\/types\/post"}],"author":[{"embeddable":true,"href":"http:\/\/argentinamunicipal.com.ar\/argentina\/wp-json\/wp\/v2\/users\/2"}],"replies":[{"embeddable":true,"href":"http:\/\/argentinamunicipal.com.ar\/argentina\/wp-json\/wp\/v2\/comments?post=96509"}],"version-history":[{"count":0,"href":"http:\/\/argentinamunicipal.com.ar\/argentina\/wp-json\/wp\/v2\/posts\/96509\/revisions"}],"wp:featuredmedia":[{"embeddable":true,"href":"http:\/\/argentinamunicipal.com.ar\/argentina\/wp-json\/wp\/v2\/media\/96510"}],"wp:attachment":[{"href":"http:\/\/argentinamunicipal.com.ar\/argentina\/wp-json\/wp\/v2\/media?parent=96509"}],"wp:term":[{"taxonomy":"category","embeddable":true,"href":"http:\/\/argentinamunicipal.com.ar\/argentina\/wp-json\/wp\/v2\/categories?post=96509"},{"taxonomy":"post_tag","embeddable":true,"href":"http:\/\/argentinamunicipal.com.ar\/argentina\/wp-json\/wp\/v2\/tags?post=96509"}],"curies":[{"name":"wp","href":"https:\/\/api.w.org\/{rel}","templated":true}]}}