{"id":97067,"date":"2019-11-28T07:35:35","date_gmt":"2019-11-28T10:35:35","guid":{"rendered":"http:\/\/argentinamunicipal.com.ar\/argentina\/?p=97067"},"modified":"2019-11-28T07:35:35","modified_gmt":"2019-11-28T10:35:35","slug":"los-trabajadores-precarizados-de-la-municipalidad-de-santa-fe-formaron-un-sindicato","status":"publish","type":"post","link":"http:\/\/argentinamunicipal.com.ar\/argentina\/los-trabajadores-precarizados-de-la-municipalidad-de-santa-fe-formaron-un-sindicato\/","title":{"rendered":"Los trabajadores precarizados de la Municipalidad de Santa Fe formaron un sindicato"},"content":{"rendered":"<p>Los empleados se manifestar\u00e1n el mi\u00e9rcoles 4 de diciembre. El sindicato est\u00e1 conformado por m\u00e1s de 1.500 trabajadores municipales pasantes, practicantes y contratados.<\/p>\n<p>Los\u00a0trabajadores municipales precarizados\u00a0realizaron una asamblea este mi\u00e9rcoles en la sede de Festram donde evaluaron la modalidad de la primera manifestaci\u00f3n que realizar\u00e1n como sindicato. Denuncian\u00a0\u00abclientelismo\u00bb\u00a0y\u00a0\u00abamiguismo\u00bb\u00a0en los ingresos a planta del\u00a0municipio de Santa Fe\u00a0y advierten que durante todos los a\u00f1os de precarizaci\u00f3n, no tuvieron la defensa del sindicato de\u00a0Asoem.<\/p>\n<p>M\u00e1s de 1.500 son los empleados del estado municipal que se encuentran \u00aben negro\u00bb, bajo la figura de pasantes, practicantes o con contratos precarios que no contemplan obra social ni aportes de jubilaci\u00f3n. Algunos llevan m\u00e1s de diez a\u00f1os realizando labores de diferente tipo en el municipio.<\/p>\n<p>Miguel \u00c1ngel Cavallo, secretario de los trabajadores, asegur\u00f3 que llegaron a la instancia de conformar un cuerpo de representaci\u00f3n gremial \u00abporque Asoem -el sindicato de los trabajadores municipales- no nos protege\u00bb. \u00abLos que entran a planta permanente son muchos familiares y amigos de las autoridades\u00bb, agreg\u00f3.<\/p>\n<p>El trabajador dijo adem\u00e1s que preparan una gran movilizaci\u00f3n para el mi\u00e9rcoles 4 de diciembre donde se manifestar\u00e1n ante la gesti\u00f3n del intendente de la ciudad,\u00a0Jos\u00e9 Corral.<\/p>\n<h6>Fuente: airedesantafe.com.ar<\/h6>\n","protected":false},"excerpt":{"rendered":"<p>Los empleados se manifestar\u00e1n el mi\u00e9rcoles 4 de diciembre. El sindicato est\u00e1 conformado por m\u00e1s de 1.500 trabajadores municipales pasantes, practicantes y contratados.<\/p>\n","protected":false},"author":2,"featured_media":97068,"comment_status":"closed","ping_status":"closed","sticky":false,"template":"","format":"standard","meta":{"footnotes":""},"categories":[7],"tags":[10],"class_list":["post-97067","post","type-post","status-publish","format-standard","has-post-thumbnail","hentry","category-informe-sindical","tag-santa-fe"],"_links":{"self":[{"href":"http:\/\/argentinamunicipal.com.ar\/argentina\/wp-json\/wp\/v2\/posts\/97067","targetHints":{"allow":["GET"]}}],"collection":[{"href":"http:\/\/argentinamunicipal.com.ar\/argentina\/wp-json\/wp\/v2\/posts"}],"about":[{"href":"http:\/\/argentinamunicipal.com.ar\/argentina\/wp-json\/wp\/v2\/types\/post"}],"author":[{"embeddable":true,"href":"http:\/\/argentinamunicipal.com.ar\/argentina\/wp-json\/wp\/v2\/users\/2"}],"replies":[{"embeddable":true,"href":"http:\/\/argentinamunicipal.com.ar\/argentina\/wp-json\/wp\/v2\/comments?post=97067"}],"version-history":[{"count":0,"href":"http:\/\/argentinamunicipal.com.ar\/argentina\/wp-json\/wp\/v2\/posts\/97067\/revisions"}],"wp:featuredmedia":[{"embeddable":true,"href":"http:\/\/argentinamunicipal.com.ar\/argentina\/wp-json\/wp\/v2\/media\/97068"}],"wp:attachment":[{"href":"http:\/\/argentinamunicipal.com.ar\/argentina\/wp-json\/wp\/v2\/media?parent=97067"}],"wp:term":[{"taxonomy":"category","embeddable":true,"href":"http:\/\/argentinamunicipal.com.ar\/argentina\/wp-json\/wp\/v2\/categories?post=97067"},{"taxonomy":"post_tag","embeddable":true,"href":"http:\/\/argentinamunicipal.com.ar\/argentina\/wp-json\/wp\/v2\/tags?post=97067"}],"curies":[{"name":"wp","href":"https:\/\/api.w.org\/{rel}","templated":true}]}}