{"id":9712,"date":"2014-06-16T08:52:12","date_gmt":"2014-06-16T11:52:12","guid":{"rendered":"http:\/\/argentinamunicipal.com.ar\/argentina\/?p=9712"},"modified":"2014-06-16T08:52:12","modified_gmt":"2014-06-16T11:52:12","slug":"catamarca-los-intendentes-tienen-que-tratar-de-controlar-sus-gastos-y-recursos","status":"publish","type":"post","link":"http:\/\/argentinamunicipal.com.ar\/argentina\/catamarca-los-intendentes-tienen-que-tratar-de-controlar-sus-gastos-y-recursos\/","title":{"rendered":"Catamarca: \u201cLos intendentes tienen que tratar de controlar sus gastos y recursos\u201d"},"content":{"rendered":"<div id=\"attachment_9713\" style=\"width: 330px\" class=\"wp-caption alignleft\"><a href=\"http:\/\/argentinamunicipal.com.ar\/argentina\/wp-content\/uploads\/2014\/06\/02-f1_6.jpg\"><img loading=\"lazy\" decoding=\"async\" aria-describedby=\"caption-attachment-9713\" class=\"size-full wp-image-9713\" src=\"http:\/\/argentinamunicipal.com.ar\/argentina\/wp-content\/uploads\/2014\/06\/02-f1_6.jpg\" alt=\"Los intentendentes \u201ctienen que tratar de controlar sus gastos\u201d, afirm\u00f3 el ministro de Hacienda de la provincia, Ricardo Aredes.\" width=\"320\" height=\"180\" srcset=\"http:\/\/argentinamunicipal.com.ar\/argentina\/wp-content\/uploads\/2014\/06\/02-f1_6.jpg 320w, http:\/\/argentinamunicipal.com.ar\/argentina\/wp-content\/uploads\/2014\/06\/02-f1_6-300x168.jpg 300w\" sizes=\"auto, (max-width: 320px) 100vw, 320px\" \/><\/a><p id=\"caption-attachment-9713\" class=\"wp-caption-text\">Los intentendentes \u201ctienen que tratar de controlar sus gastos\u201d, afirm\u00f3 el ministro de Hacienda de la provincia, Ricardo Aredes.<\/p><\/div>\n<p>El ministro de Hacienda, Ricardo Aredes, critic\u00f3 el control de recursos econ\u00f3micos que tienen algunos intendentes, y los inst\u00f3 a manejarse con \u201causteridad\u201d en sus gastos, para evitar desajustes que impidan hacer frente, en este caso, al pago del Sueldo Anual Complementario. Igualmente, adelant\u00f3 que se est\u00e1n analizando los pedidos de auxilio financiero de los municipios.<\/p>\n<p>Adelant\u00e1ndose a un proceso que es bastante com\u00fan en esta \u00e9poca, el ministro de Hacienda, Ricardo Aredes, inst\u00f3 a los intendentes a ser m\u00e1s \u201causteros\u201d a la hora de manejar el presupuesto y evitar desajustes que le impidan, por ejemplo, pagar el aguinaldo a los empleados.<\/p>\n<p>Teniendo en cuenta que el ministerio que conduce Aredes anunci\u00f3 el pago de la primera cuota del Sueldo Anual Complementario para el 27 y 28 de junio pr\u00f3ximo (administraci\u00f3n p\u00fablica y docentes, respectivamente), los intendentes aceleran los pedidos de ayuda econ\u00f3mica para poder hacer frente a dicho pago a los empleados municipales.<\/p>\n<p>En este contexto, el titular de la cartera de Econom\u00eda coment\u00f3 que \u201cel ministerio de Hacienda hace sus proyecciones durante los per\u00edodos futuros y, en este caso, se previ\u00f3 que para estos d\u00edas se abone la primera cuota del aguinaldo\u201d. El funcionario explic\u00f3 que el organismo a su cargo funciona \u201ccontrolando permanentemente sus gastos, sus recursos y as\u00ed evitar que tenga alg\u00fan desajuste\u201d, de esta forma, se impide \u201cque no pueda pagar alguna de estas cosas que consideramos imprescindibles para el Gobierno de la provincia\u201d, consider\u00f3 Aredes. Consultado por la ayuda que com\u00fanmente solicitan algunos jefes comunales para cumplir con el pago deaguinaldo a los trabajadores, el ministro apunt\u00f3 contra los intendentes y los llam\u00f3 a tener una mejor administraci\u00f3n de los recursos, para poder solventar este tipo de cuestiones.<\/p>\n<p>Sin embargo, dijo que est\u00e1n analizando los pedidos de ayuda econ\u00f3mica de jefes comunales que ingresaron al ministerio. \u201cLos municipios tienen su autonom\u00eda no solo legal, sino financiera y econ\u00f3mica, nosotros evaluamos sus necesidades y, en funci\u00f3n de ell,o le hacemos una ayuda\u201d, explic\u00f3 Ricardo Aredes.<\/p>\n<h3>Coparticipaci\u00f3n<\/h3>\n<p>Por otro lado, el ministro de Hacienda hizo hincapi\u00e9 en el ingreso de la coparticipaci\u00f3n que tienen los intendentes, (que este mes suele ser con un ingreso superior a per\u00edodos anteriores), y sobre el cual se basa el organismo para otorgar, o no, la ayuda a los municipios que lo requieran.<\/p>\n<p>En esa l\u00ednea, el funcionario apunt\u00f3 contra los jefes comunales, al indicar que \u201cellos (por los intendentes) tienen que tratar de controlar su gastos, manejarse dentro del mismo r\u00e9gimen de austeridad que lo hace la Provincia\u201d.<\/p>\n<h3>Reuni\u00f3n de Comisi\u00f3n<\/h3>\n<p>Esta semana, est\u00e1 previsto que se re\u00fana la Comisi\u00f3n de Participaci\u00f3n Municipal, donde el tema del auxilio para el aguinaldo ser\u00e1 uno de los principales a tratar. Pom\u00e1n, Valle Viejo y Saujil, son algunos de los municipios m\u00e1s complicados.<\/p>\n<h6>Fuente: La Uni\u00f3n Digital<\/h6>\n","protected":false},"excerpt":{"rendered":"<p>El ministro de Hacienda, Ricardo Aredes, critic\u00f3 el control de recursos econ\u00f3micos que tienen algunos intendentes, y los inst\u00f3 a manejarse con \u201causteridad\u201d en sus gastos, para evitar desajustes que impidan hacer frente, en este caso, al pago del Sueldo Anual Complementario. Igualmente, adelant\u00f3 que se est\u00e1n analizando los pedidos de auxilio financiero de los<\/p>\n","protected":false},"author":2,"featured_media":9713,"comment_status":"closed","ping_status":"closed","sticky":false,"template":"","format":"standard","meta":{"footnotes":""},"categories":[5],"tags":[16],"class_list":["post-9712","post","type-post","status-publish","format-standard","has-post-thumbnail","hentry","category-informe-economico","tag-catamarca"],"_links":{"self":[{"href":"http:\/\/argentinamunicipal.com.ar\/argentina\/wp-json\/wp\/v2\/posts\/9712","targetHints":{"allow":["GET"]}}],"collection":[{"href":"http:\/\/argentinamunicipal.com.ar\/argentina\/wp-json\/wp\/v2\/posts"}],"about":[{"href":"http:\/\/argentinamunicipal.com.ar\/argentina\/wp-json\/wp\/v2\/types\/post"}],"author":[{"embeddable":true,"href":"http:\/\/argentinamunicipal.com.ar\/argentina\/wp-json\/wp\/v2\/users\/2"}],"replies":[{"embeddable":true,"href":"http:\/\/argentinamunicipal.com.ar\/argentina\/wp-json\/wp\/v2\/comments?post=9712"}],"version-history":[{"count":0,"href":"http:\/\/argentinamunicipal.com.ar\/argentina\/wp-json\/wp\/v2\/posts\/9712\/revisions"}],"wp:featuredmedia":[{"embeddable":true,"href":"http:\/\/argentinamunicipal.com.ar\/argentina\/wp-json\/wp\/v2\/media\/9713"}],"wp:attachment":[{"href":"http:\/\/argentinamunicipal.com.ar\/argentina\/wp-json\/wp\/v2\/media?parent=9712"}],"wp:term":[{"taxonomy":"category","embeddable":true,"href":"http:\/\/argentinamunicipal.com.ar\/argentina\/wp-json\/wp\/v2\/categories?post=9712"},{"taxonomy":"post_tag","embeddable":true,"href":"http:\/\/argentinamunicipal.com.ar\/argentina\/wp-json\/wp\/v2\/tags?post=9712"}],"curies":[{"name":"wp","href":"https:\/\/api.w.org\/{rel}","templated":true}]}}