{"id":97168,"date":"2019-12-02T07:48:38","date_gmt":"2019-12-02T10:48:38","guid":{"rendered":"http:\/\/argentinamunicipal.com.ar\/argentina\/?p=97168"},"modified":"2019-12-02T07:48:38","modified_gmt":"2019-12-02T10:48:38","slug":"el-pueblo-que-hace-guardia-contra-los-agroquimicos","status":"publish","type":"post","link":"http:\/\/argentinamunicipal.com.ar\/argentina\/el-pueblo-que-hace-guardia-contra-los-agroquimicos\/","title":{"rendered":"El pueblo que hace guardia contra los agroqu\u00edmicos"},"content":{"rendered":"<p>Es en Sebasti\u00e1n Elcano. Desde hace dos meses, montaron una carpa para exigir una ley que aleje las fumigaciones del pueblo.<\/p>\n<p>M\u00e1s de 65 d\u00edas de acampe. Un movimiento comunitario para garantizar la salud colectiva. Guardias comunales sostenidas principalmente por mujeres para frenar o echar a las m\u00e1quinas pulverizadoras del casco urbano y campos aleda\u00f1os. Un colectivo organizado y varias propuestas para hacer del espacio habitado un espacio habitable: una legislaci\u00f3n que aleje las fumigaciones del pueblo, un relevamiento socio-sanitario, y una f\u00e9rrea promoci\u00f3n de la agroecolog\u00eda. Esa es la pintura de este tiempo en Sebasti\u00e1n Elcano, localidad del norte cordob\u00e9s.\u00a0\u201cVamos a sostener esta lucha hasta que cambie esta situaci\u00f3n, y la comunidad est\u00e1 muy convencida de lo que quiere\u201d, apunta M\u00f3nica Ponce, de la Federaci\u00f3n de Organizaciones de Base (FOB), espacio que apuntala esta digna lucha.<\/p>\n<p>Sebasti\u00e1n Elcano est\u00e1 a m\u00e1s de 180 kil\u00f3metros al noreste de la ciudad de C\u00f3rdoba, en cercan\u00edas del Cerro Colorado. \u00c1rea que fue hist\u00f3ricamente campesina y que pas\u00f3 en las \u00faltimas d\u00e9cadas a ser parte del llamado \u2018corrimiento de la frontera agr\u00edcola\u2019 o \u2018pampeanizaci\u00f3n\u2019. En los hechos, la zona sucumbi\u00f3 al ingreso a gran escala de monocultivos de exportaci\u00f3n &#8211;soja y ma\u00edz transg\u00e9nicos&#8211;, uso masivo de plaguicidas, desmontes y desalojos campesinos. La resistencia de la abuela Ramona Bustamante es un emblema de esta \u00e1rea, un caso que lleg\u00f3 a ser conocido en otras partes del mundo.<\/p>\n<p>La cartograf\u00eda del poblado, donde desde hace m\u00e1s de dos d\u00e9cadas gobierna el radical Pedro Bonaldi, se vio alterada en los \u00faltimos dos meses a partir de la instalaci\u00f3n de una carpa en el espacio p\u00fablico. Un nuevo eje de energ\u00eda pol\u00edtica de despleg\u00f3 para disputar sentidos, pr\u00e1cticas que parec\u00edan intocables, y en definitiva, para cambiar la forma de concebir el territorio. Reuniones multitudinarias y acciones directas son los frutos de un reclamo que se fragu\u00f3 a fuerza de dolores y hast\u00edo a lo largo de a\u00f1os. \u201cParen de fumigar el pueblo\u201d, se escucha en las calles, las casas, y en la escuela.<\/p>\n<p>\u201cEn un plenario de la organizaci\u00f3n, las madres pusieron como tema principal de preocupaci\u00f3n las constantes fumigaciones, y la situaci\u00f3n de salud de la poblaci\u00f3n vinculada a estas pr\u00e1cticas.\u00a0Entonces nos planteamos ponernos firmes, porque ya el a\u00f1o pasado presentamos una propuesta de ordenanza pero no pas\u00f3 nada\u201d, apunta la miembro de la FOB. En concreto, el colectivo reclama que se aleje todo tipo de aplicaci\u00f3n de agroqu\u00edmicos a 1500 metros del l\u00edmite del casco urbano cuando se haga con maquinaria terrestre, y a 3000 metros cuando se trate de aplicaciones a\u00e9reas. La actual legislaci\u00f3n provincial permite por ejemplo liberar glifosato con m\u00e1quinas terrestres en el propio borde urbano. Desde el acampe solicitan tambi\u00e9n que se erradiquen de la zona poblada los dep\u00f3sitos de acopio de los qu\u00edmicos, y los galpones donde se guardan las m\u00e1quinas aplicadoras.<\/p>\n<p>Patricio, un vecino que adhiere a la causa, plantea que \u201crealmente es muy dif\u00edcil avanzar en acuerdos con sectores que durante m\u00e1s de veinte a\u00f1os hicieron este tipo de producci\u00f3n, nunca nadie les dijo nada, y todo fue avalado por el poder pol\u00edtico, entonces hay como mucha prepotencia\u201d. En ese contexto, siente que \u201ces admirable lo que comenzaron las mujeres porque se parte desde ese escenario, donde la comunidad ten\u00eda como normal que a toda hora en cualquier parte del pueblo hay que estar respirando venenos\u201d.\u00a0\u201cLo que vino a hacer esta lucha es romper toda esta normalidad\u201d, enfatiza este docente.<\/p>\n<p>Cuidado comunal como acci\u00f3n pol\u00edtica<\/p>\n<p>Sin quedarse est\u00e1ticas frente a la falta de respuestas de las autoridades, las mujeres organizadas, junto a sus compa\u00f1eros, decidieron no s\u00f3lo montar la carpa sino darse una forma de control comunal de las aplicaciones. Una y otra vez salen a la b\u00fasqueda de las m\u00e1quinas fumigadoras que ingresas por el centro del pueblo o de aquellas que est\u00e1n aplicando venenos a la vera de las casas, a veces incluso de noche y a escondidas. \u201cEstamos alertas en varios barrios, paramos los \u2018mosquitos\u2019 (m\u00e1quinas fumigadoras terrestres), y en algunos casos bloqueamos la salida de los campos porque se quer\u00edan escapar, sabiendo que no estaban haciendo las cosas bien\u201d, describe sobre el accionar comunitario, M\u00f3nica Ponce. Ante estas situaciones,\u00a0las vecinas y los vecinos organizados retienen la maquinaria, llaman a la polic\u00eda y solicitan que se labren actas que constaten que las aplicaciones de agroqu\u00edmicos se realizan fuera de toda normativa.\u00a0As\u00ed, asegura M\u00f3nica \u201cya se lograron m\u00e1s de veinte intervenciones\u201d. \u201cUn problema que tenemos es que la polic\u00eda labra el acta, pero no puede secuestrar los mosquitos porque no tienen d\u00f3nde dejarlo que no sea en el propio centro\u201d. En algunos casos, la propia comunidad escolta a las m\u00e1quinas en caravana, a bocinazos, hasta que las echa del pueblo.<\/p>\n<p>Este modo de actuar del colectivo local no puede entenderse sin dar cuenta de \u201cla cr\u00edtica situaci\u00f3n sanitaria que tiene la zona, donde hay muchos ni\u00f1os con enfermedades respiratorias, y muertes por c\u00e1ncer en cantidad que llaman la atenci\u00f3n\u201d, explica esta mujer. Como complemento, Patricio se\u00f1ala que\u00a0\u201cla situaci\u00f3n sanitaria es bastante desastrosa por la absoluta falta de control sobre el tema, porque se fumiga con viento, con cualquier temperatura, en cualquier lugar\u201d. Luego de un reciente encuentro con las Madres de Barrio Ituzaing\u00f3 Anexo de la ciudad de C\u00f3rdoba, organizaci\u00f3n referente en la lucha contra las fumigaciones y emblema del armado de relevamiento sanitario populares, desde el acampe se proponen iniciar un mapeo de la situaci\u00f3n de la salud colectiva del pueblo. \u201cLas madres de Ituzaing\u00f3 nos ense\u00f1aron de su historia, y ya que desde el Estado no se nos acompa\u00f1a vamos a relevar nosotras las causas de muerte y las distintas enfermedades que hubo en los \u00faltimos a\u00f1os, seg\u00fan cada barrio\u201d, agrega esta mujer, decidida a transformar el territorio que habita en un espacio m\u00e1s digno para la vida. Desde el acampe, M\u00f3nica dice con total claridad: \u201cvamos a levantar la carpa cuando se cumplan los pedidos, cuando esto verdaderamente cambie, no tenemos una fecha para irnos porque todas las compa\u00f1eras estamos muy convencidas de la lucha que estamos dando, que es por la salud de la comunidad y por un pueblo sin venenos\u201d.<\/p>\n<h6>Fuente: P\u00e1gina 12<\/h6>\n","protected":false},"excerpt":{"rendered":"<p>Es en Sebasti\u00e1n Elcano. Desde hace dos meses, montaron una carpa para exigir\u00a0una ley que aleje las fumigaciones del pueblo.<\/p>\n","protected":false},"author":2,"featured_media":97169,"comment_status":"closed","ping_status":"closed","sticky":false,"template":"","format":"standard","meta":{"footnotes":""},"categories":[2],"tags":[3],"class_list":["post-97168","post","type-post","status-publish","format-standard","has-post-thumbnail","hentry","category-informe-municipal","tag-cordoba"],"_links":{"self":[{"href":"http:\/\/argentinamunicipal.com.ar\/argentina\/wp-json\/wp\/v2\/posts\/97168","targetHints":{"allow":["GET"]}}],"collection":[{"href":"http:\/\/argentinamunicipal.com.ar\/argentina\/wp-json\/wp\/v2\/posts"}],"about":[{"href":"http:\/\/argentinamunicipal.com.ar\/argentina\/wp-json\/wp\/v2\/types\/post"}],"author":[{"embeddable":true,"href":"http:\/\/argentinamunicipal.com.ar\/argentina\/wp-json\/wp\/v2\/users\/2"}],"replies":[{"embeddable":true,"href":"http:\/\/argentinamunicipal.com.ar\/argentina\/wp-json\/wp\/v2\/comments?post=97168"}],"version-history":[{"count":0,"href":"http:\/\/argentinamunicipal.com.ar\/argentina\/wp-json\/wp\/v2\/posts\/97168\/revisions"}],"wp:featuredmedia":[{"embeddable":true,"href":"http:\/\/argentinamunicipal.com.ar\/argentina\/wp-json\/wp\/v2\/media\/97169"}],"wp:attachment":[{"href":"http:\/\/argentinamunicipal.com.ar\/argentina\/wp-json\/wp\/v2\/media?parent=97168"}],"wp:term":[{"taxonomy":"category","embeddable":true,"href":"http:\/\/argentinamunicipal.com.ar\/argentina\/wp-json\/wp\/v2\/categories?post=97168"},{"taxonomy":"post_tag","embeddable":true,"href":"http:\/\/argentinamunicipal.com.ar\/argentina\/wp-json\/wp\/v2\/tags?post=97168"}],"curies":[{"name":"wp","href":"https:\/\/api.w.org\/{rel}","templated":true}]}}