{"id":97187,"date":"2019-12-03T06:38:29","date_gmt":"2019-12-03T09:38:29","guid":{"rendered":"http:\/\/argentinamunicipal.com.ar\/argentina\/?p=97187"},"modified":"2019-12-03T06:38:29","modified_gmt":"2019-12-03T09:38:29","slug":"una-cumbre-que-interpela-a-los-negadores-del-cambio-climatico","status":"publish","type":"post","link":"http:\/\/argentinamunicipal.com.ar\/argentina\/una-cumbre-que-interpela-a-los-negadores-del-cambio-climatico\/","title":{"rendered":"Una cumbre que interpela a los negadores del cambio clim\u00e1tico"},"content":{"rendered":"<p>La primera jornada de la COP 25 ha dejado en evidencia el pulso entre los pa\u00edses que abogan por recortar la emisi\u00f3n de gases de efecto invernadero m\u00e1s decididamente, y los que niegan la emergencia clim\u00e1tica.<\/p>\n<p>\u201cSolo un pu\u00f1ado de fan\u00e1ticos niega la evidencia del cambio clim\u00e1tico\u201d, dijo el presidente en funciones del Gobierno espa\u00f1ol, Pedro S\u00e1nchez, al inaugurar la Cumbre del Clima COP 25 en Madrid, de la que se espera un consenso mundial para enfrentar de forma decidida la emergencia clim\u00e1tica.<\/p>\n<p>El problema es qui\u00e9nes integran ese pu\u00f1ado de fan\u00e1ticos. Aunque S\u00e1nchez no quiso precisarlo, en los pasillos de la Cumbre se apuntaba, sobre todo, al presidente de Estados Unidos, Donald Trump, que ha planteado la salida de su pa\u00eds del Acuerdo Clim\u00e1tico de Par\u00eds. Otro que lo secunda y no aparecer\u00e1 en Madrid estos d\u00edas, es el presidente de Brasil, Jair Bolsonaro, en cuya naci\u00f3n se encuentra uno de los llamados pulmones del planeta.<\/p>\n<p>La primera jornada de la COP 25 ha dejado en evidencia ese pulso entre los pa\u00edses que abogan por recortar la emisi\u00f3n de gases de efecto invernadero m\u00e1s decididamente, y los que niegan la emergencia clim\u00e1tica, o no est\u00e1n dispuestos a ofrecer soluciones que puedan afectar sus intereses nacionales.<\/p>\n<p>La l\u00edder de los dem\u00f3cratas en el Congreso de Estados Unidos, Nancy Pelosi, se present\u00f3 en la COP 25 junto a otros legisladores norteamericanos y, en su discurso en la inauguraci\u00f3n de la cumbre, afirm\u00f3 que\u00a0Estados Unidos a\u00fan est\u00e1 dentro del Acuerdo de Par\u00eds (la salida efectiva ser\u00eda en 2020), y que su presencia era un claro mensaje del compromiso del parlamento de su pa\u00eds con la emergencia clim\u00e1tica.<\/p>\n<p>Sin embargo, la posici\u00f3n de la congresista dem\u00f3crata es intrascendente ante el pulso constante de la administraci\u00f3n Trump respecto al cambio clim\u00e1tico. Un ejemplo claro son las declaraciones del jefe de la diplomacia del pa\u00eds, Mike Pompeo, que destac\u00f3 las potencialidades comerciales que abre el deshielo del \u00e1rtico debido a los recursos de hidrocarburos que a\u00fan no se han descubierto all\u00ed.<\/p>\n<p>Estados Unidos es uno de los principales negacionistas del cambio clim\u00e1tico, pero no es el \u00fanico responsable en el lastre que sufre la lucha contra el calentamiento global. China, la India y Rusia,\u00a0como principales emisores de gases de efecto invernadero no han presentado planes concretos y ambiciosos para abordar la emergencia clim\u00e1tica.<\/p>\n<p>El secretario general de Naciones Unidas, Ant\u00f3nio Guterres, lo dej\u00f3 en evidencia durante su intervenci\u00f3n en la COP. \u201cLa lucha contra el cambio clim\u00e1tico necesita del esfuerzo de todos los pa\u00edses, y de los que m\u00e1s generan emisiones, que son los que menos est\u00e1n haciendo\u201d, afirm\u00f3 el portugu\u00e9s.<\/p>\n<p>Ante este panorama, el presidente en funciones del Gobierno espa\u00f1ol ha propuesto que la Uni\u00f3n Europea marque el camino en esta acci\u00f3n global. \u201cEn un tiempo marcado por el silencio de algunos, Europa tiene mucho que decir en esta batalla. Lideremos con el ejemplo\u201d, ha dicho Pedro S\u00e1nchez despu\u00e9s de destacar la presencia de la presidenta de la Comisi\u00f3n Europea, Ursula von der Leyen, que d\u00edas atr\u00e1s se comprometi\u00f3 a presentar un New Green Deal en los pr\u00f3ximos 100 d\u00edas.<\/p>\n<p>En l\u00ednea con la transici\u00f3n ecol\u00f3gica y la descarbonizaci\u00f3n de la econom\u00eda europea que persigue la Uni\u00f3n Europea, el secretario general de la ONU ha remarcado que esa \u201ctransici\u00f3n\u201d debe ser justa, y no dejar atr\u00e1s a los sectores sociales que sufran con ese cambio de sistema de producci\u00f3n de energ\u00edas. \u201cLa econom\u00eda verde es m\u00e1s rentable que la del pasado, pero habr\u00e1 \u00e1reas que van a sufrir, por eso estamos a favor de una transici\u00f3n justa\u00bb, ha dicho.<\/p>\n<p>La Cumbre reci\u00e9n comienza, y los principales implicados en que finalice con un consenso internacional para reducir la emisi\u00f3n de gases de efecto invernadero prometen negociaciones dif\u00edciles. A pesar de ello, son optimistas. Quiz\u00e1s porque recuerden que la Cumbre de Par\u00eds empez\u00f3 con muchas dudas, y termin\u00f3 sentando las bases del primer acuerdo internacional por el clima del siglo XXI.<\/p>\n<p><strong>El balance de Macri\u00a0<\/strong><br \/>\nEl presidente\u00a0Macri visit\u00f3 la Cumbre de Madrid en su despedida internacional de la Casa Rosada. \u201cHe venido a exponer lo que ha hecho el Gobierno en estos cuatro a\u00f1os\u201d,\u00a0ha dicho el mandatario saliente a pocas horas de que se inaugurara la COP.<\/p>\n<p>Entre las medidas que destac\u00f3 de su gesti\u00f3n en medio ambiente, Macri mencion\u00f3 el impulso a las energ\u00edas renovables, que en 2015 (excluyendo la hidroelectricidad) representaban menos del 1% de la generaci\u00f3n de electricidad nacional, y que, este a\u00f1o, alcanz\u00f3 el 8%.<\/p>\n<p>Sin embargo, no mencion\u00f3 cu\u00e1nto de esa pol\u00edtica ha supuesto desarrollo de la industrial local y no solo importaci\u00f3n de equipos, en un contexto en el que muchos l\u00edderes progresistas apuntan que la transici\u00f3n ecol\u00f3gica debe ser una oportunidad de desarrollo y trabajo para las comunidades locales. Eso, al margen de las denuncias que realiz\u00f3 el diario\u00a0Perfil\u00a0sobre las ganancias que obtuvo una empresa de la familia Macri en la compra venta de parques e\u00f3licos.<\/p>\n<h6>Fuente: P\u00e1gina 12<\/h6>\n","protected":false},"excerpt":{"rendered":"<p>La primera jornada de la COP 25 ha dejado en evidencia el pulso entre los pa\u00edses que abogan por recortar la emisi\u00f3n de gases de efecto invernadero m\u00e1s decididamente, y los que niegan la emergencia clim\u00e1tica.\u00a0<\/p>\n","protected":false},"author":2,"featured_media":97188,"comment_status":"closed","ping_status":"closed","sticky":false,"template":"","format":"standard","meta":{"footnotes":""},"categories":[22],"tags":[57],"class_list":["post-97187","post","type-post","status-publish","format-standard","has-post-thumbnail","hentry","category-el-mundo","tag-el-mundo"],"_links":{"self":[{"href":"http:\/\/argentinamunicipal.com.ar\/argentina\/wp-json\/wp\/v2\/posts\/97187","targetHints":{"allow":["GET"]}}],"collection":[{"href":"http:\/\/argentinamunicipal.com.ar\/argentina\/wp-json\/wp\/v2\/posts"}],"about":[{"href":"http:\/\/argentinamunicipal.com.ar\/argentina\/wp-json\/wp\/v2\/types\/post"}],"author":[{"embeddable":true,"href":"http:\/\/argentinamunicipal.com.ar\/argentina\/wp-json\/wp\/v2\/users\/2"}],"replies":[{"embeddable":true,"href":"http:\/\/argentinamunicipal.com.ar\/argentina\/wp-json\/wp\/v2\/comments?post=97187"}],"version-history":[{"count":0,"href":"http:\/\/argentinamunicipal.com.ar\/argentina\/wp-json\/wp\/v2\/posts\/97187\/revisions"}],"wp:featuredmedia":[{"embeddable":true,"href":"http:\/\/argentinamunicipal.com.ar\/argentina\/wp-json\/wp\/v2\/media\/97188"}],"wp:attachment":[{"href":"http:\/\/argentinamunicipal.com.ar\/argentina\/wp-json\/wp\/v2\/media?parent=97187"}],"wp:term":[{"taxonomy":"category","embeddable":true,"href":"http:\/\/argentinamunicipal.com.ar\/argentina\/wp-json\/wp\/v2\/categories?post=97187"},{"taxonomy":"post_tag","embeddable":true,"href":"http:\/\/argentinamunicipal.com.ar\/argentina\/wp-json\/wp\/v2\/tags?post=97187"}],"curies":[{"name":"wp","href":"https:\/\/api.w.org\/{rel}","templated":true}]}}