{"id":97213,"date":"2019-12-04T06:41:19","date_gmt":"2019-12-04T09:41:19","guid":{"rendered":"http:\/\/argentinamunicipal.com.ar\/argentina\/?p=97213"},"modified":"2019-12-04T06:41:19","modified_gmt":"2019-12-04T09:41:19","slug":"desde-el-directorio-del-bapro-acusan-a-vidal-de-manotear-de-manera-ilegal-el-patrimonio-del-banco","status":"publish","type":"post","link":"http:\/\/argentinamunicipal.com.ar\/argentina\/desde-el-directorio-del-bapro-acusan-a-vidal-de-manotear-de-manera-ilegal-el-patrimonio-del-banco\/","title":{"rendered":"Desde el directorio del BAPRO acusan a Vidal de \u201cmanotear de manera ilegal el patrimonio del Banco\u201d"},"content":{"rendered":"<p>Mientras la Gobernadora repasaba la gesti\u00f3n, dos directores de la oposici\u00f3n cuestionaron el diagn\u00f3stico y la acusaron de dejar a la Provincia al borde del default.<\/p>\n<p>Al mismo tiempo que\u00a0Mar\u00eda Eugenia Vidal repasaba, con un balance positivo, su gesti\u00f3n a lo largo de 4 a\u00f1os\u00a0en el Gobierno bonaerense,\u00a0el directorio del Banco Provincia se preparaba para una batalla donde se definir\u00e1 si se declara o no el default del Estado provincial.<\/p>\n<p>Vidal, como cont\u00f3 ayer INFOCIELO, busca alternativas para no pagar un bono de 4.200 millones de pesos que vence este viernes y que est\u00e1 en poder de la banca p\u00fablica bonaerense.\u00a0Hoy, el directorio deber\u00e1 tratar un plan que importa una p\u00e9rdida patrimonial que se estima cercana a los mil millones.<\/p>\n<p>Frente a esa parada brava, dos directores, nombrados por la oposici\u00f3n, no pudieron dejar pasar las afirmaciones de Vidal en torno a la econom\u00eda provincial, la deuda y la situaci\u00f3n del Banco. Especialmente cuando afirm\u00f3 que deja 25 mil millones de pesos de \u201ccaja\u201d para la gesti\u00f3n entrante.<\/p>\n<p>Picante, su colega Sebasti\u00e1n Galmarini acus\u00f3 a la gobernadora de mentir mientras mira a la c\u00e1mara. \u201cDeja la provincia arrasada. Peor que lo que recibi\u00f3. El camino del marketing y el relato contra la gesti\u00f3n. Deja m\u00e1s deuda, al borde del default y con peor calidad de todos los servicios\u201d, sostuvo.<\/p>\n<h6>Fuente: InfoCielo<\/h6>\n","protected":false},"excerpt":{"rendered":"<p>Mientras la Gobernadora repasaba la gesti\u00f3n, dos directores de la oposici\u00f3n cuestionaron el diagn\u00f3stico y la acusaron de dejar a la Provincia al borde del default.<\/p>\n","protected":false},"author":2,"featured_media":97214,"comment_status":"closed","ping_status":"closed","sticky":false,"template":"","format":"standard","meta":{"footnotes":""},"categories":[65],"tags":[12],"class_list":["post-97213","post","type-post","status-publish","format-standard","has-post-thumbnail","hentry","category-provincias","tag-buenos-aires"],"_links":{"self":[{"href":"http:\/\/argentinamunicipal.com.ar\/argentina\/wp-json\/wp\/v2\/posts\/97213","targetHints":{"allow":["GET"]}}],"collection":[{"href":"http:\/\/argentinamunicipal.com.ar\/argentina\/wp-json\/wp\/v2\/posts"}],"about":[{"href":"http:\/\/argentinamunicipal.com.ar\/argentina\/wp-json\/wp\/v2\/types\/post"}],"author":[{"embeddable":true,"href":"http:\/\/argentinamunicipal.com.ar\/argentina\/wp-json\/wp\/v2\/users\/2"}],"replies":[{"embeddable":true,"href":"http:\/\/argentinamunicipal.com.ar\/argentina\/wp-json\/wp\/v2\/comments?post=97213"}],"version-history":[{"count":0,"href":"http:\/\/argentinamunicipal.com.ar\/argentina\/wp-json\/wp\/v2\/posts\/97213\/revisions"}],"wp:featuredmedia":[{"embeddable":true,"href":"http:\/\/argentinamunicipal.com.ar\/argentina\/wp-json\/wp\/v2\/media\/97214"}],"wp:attachment":[{"href":"http:\/\/argentinamunicipal.com.ar\/argentina\/wp-json\/wp\/v2\/media?parent=97213"}],"wp:term":[{"taxonomy":"category","embeddable":true,"href":"http:\/\/argentinamunicipal.com.ar\/argentina\/wp-json\/wp\/v2\/categories?post=97213"},{"taxonomy":"post_tag","embeddable":true,"href":"http:\/\/argentinamunicipal.com.ar\/argentina\/wp-json\/wp\/v2\/tags?post=97213"}],"curies":[{"name":"wp","href":"https:\/\/api.w.org\/{rel}","templated":true}]}}