{"id":97228,"date":"2019-12-04T05:57:47","date_gmt":"2019-12-04T08:57:47","guid":{"rendered":"http:\/\/argentinamunicipal.com.ar\/argentina\/?p=97228"},"modified":"2019-12-04T06:59:31","modified_gmt":"2019-12-04T09:59:31","slug":"un-almuerzo-para-hablar-de-trabajo","status":"publish","type":"post","link":"http:\/\/argentinamunicipal.com.ar\/argentina\/un-almuerzo-para-hablar-de-trabajo\/","title":{"rendered":"Un almuerzo para hablar de trabajo"},"content":{"rendered":"<p>Alberto Fern\u00e1ndez almorz\u00f3 ayer con Hugo Moyano y un grupo de sindicalistas, a los que asegur\u00f3 que no tiene en carpeta una reforma laboral aunque no descart\u00f3 que cada sector modifique sus convenios colectivos, como hicieron en su momento los petroleros en Vaca Muerta. Fue un encuentro cordial, donde aseguraron no se discutieron nombres para ning\u00fan cargo. Con todo, Moyano le ofreci\u00f3 a Fern\u00e1ndez su experiencia en la problem\u00e1atica del transporte terrestre para lo que necesite. Todos los sindicalistas que participaron adelantaron que movilizar\u00edan a sus gremios para el acto de asunci\u00f3n del martes que viene.<\/p>\n<p>El encuentro tuvo dos partes. En la primera, m\u00e1s acotada, Fern\u00e1ndez -que estuvo acompa\u00f1ado por Santiago Cafiero y por su vocero Juan Pablo Biondi- convers\u00f3 con Moyano, el canillita Omar Plaini, el secretario adjunto de Smata, Mario \u00abPaco\u00bb Manrique, el ceramista Juan Jos\u00e9 Moreyra, Miguel D\u00edaz de Uni\u00f3n de docentes de Buenos Aires (Udocba), Facundo Moyano, Hugo Moyano (hijo) y el titular del APOPS (Anses), Leonardo Fabre. Para la segunda parte, la del almuerzo, se sumaron un total de 40 gremios, seg\u00fan comentaron cerca del camionero.<\/p>\n<p>Justamente, cerca de Moyano comentaban que uno de los objetivos era mostrarle a Fern\u00e1ndez que hab\u00eda un sector del gremialismo que estaba alineado con ellos, aunque se trata de sindicatos menores que orbitan alrededor de Camioneros. Entre esos, obviamente, no se ubica Smata, que orienta Ricardo Pignanelli, quien ya tiene programado su propio encuentro con Fern\u00e1ndez y los empresarios de laa industria automotriz.<\/p>\n<p>En el almuerzo, cada sindicalista fue detallando la problem\u00e1tica de cada sector. El presidente electo los escuch\u00f3 pero les aclar\u00f3 que lo primordial para la etapa que se viene es reactivar la econom\u00eda, todo lo otro viene despu\u00e9s.<\/p>\n<p>Si bien Moyano tiene mucho inter\u00e9s en colocar a su gente en el \u00e1rea de Transporte, quienes participaron del encuentro aseguraron que el tema no se toc\u00f3. Quien era n\u00famero puesto para el ministerio, el cordob\u00e9s Carlos Caserio, finalmente se quedar\u00e1 en el Senado, as\u00ed que todav\u00eda es una inc\u00f3gnita quien estar\u00e1 a cargo del \u00e1rea. De acuerdo a las \u00faltimas versiones, adelantadas el domingo por este diario, Transporte perder\u00eda su condici\u00f3n de ministerio para pasar a ser una secretar\u00eda de la cartera de Obras P\u00fablicas, que manejar\u00e1 el actual intendente de San Mart\u00edn, Gabriel Katopodis.<\/p>\n<h6>Fuente: P\u00e1gina 12<\/h6>\n","protected":false},"excerpt":{"rendered":"<p>Alberto Fern\u00e1ndez almorz\u00f3 ayer con Hugo Moyano y un grupo de sindicalistas, a los que asegur\u00f3 que no tiene en carpeta una reforma laboral aunque no descart\u00f3 que cada sector modifique sus convenios colectivos<\/p>\n","protected":false},"author":2,"featured_media":97229,"comment_status":"closed","ping_status":"closed","sticky":false,"template":"","format":"standard","meta":{"footnotes":""},"categories":[8],"tags":[21],"class_list":["post-97228","post","type-post","status-publish","format-standard","has-post-thumbnail","hentry","category-informe-nacional","tag-argentina"],"_links":{"self":[{"href":"http:\/\/argentinamunicipal.com.ar\/argentina\/wp-json\/wp\/v2\/posts\/97228","targetHints":{"allow":["GET"]}}],"collection":[{"href":"http:\/\/argentinamunicipal.com.ar\/argentina\/wp-json\/wp\/v2\/posts"}],"about":[{"href":"http:\/\/argentinamunicipal.com.ar\/argentina\/wp-json\/wp\/v2\/types\/post"}],"author":[{"embeddable":true,"href":"http:\/\/argentinamunicipal.com.ar\/argentina\/wp-json\/wp\/v2\/users\/2"}],"replies":[{"embeddable":true,"href":"http:\/\/argentinamunicipal.com.ar\/argentina\/wp-json\/wp\/v2\/comments?post=97228"}],"version-history":[{"count":0,"href":"http:\/\/argentinamunicipal.com.ar\/argentina\/wp-json\/wp\/v2\/posts\/97228\/revisions"}],"wp:featuredmedia":[{"embeddable":true,"href":"http:\/\/argentinamunicipal.com.ar\/argentina\/wp-json\/wp\/v2\/media\/97229"}],"wp:attachment":[{"href":"http:\/\/argentinamunicipal.com.ar\/argentina\/wp-json\/wp\/v2\/media?parent=97228"}],"wp:term":[{"taxonomy":"category","embeddable":true,"href":"http:\/\/argentinamunicipal.com.ar\/argentina\/wp-json\/wp\/v2\/categories?post=97228"},{"taxonomy":"post_tag","embeddable":true,"href":"http:\/\/argentinamunicipal.com.ar\/argentina\/wp-json\/wp\/v2\/tags?post=97228"}],"curies":[{"name":"wp","href":"https:\/\/api.w.org\/{rel}","templated":true}]}}