{"id":97240,"date":"2019-12-04T07:17:04","date_gmt":"2019-12-04T10:17:04","guid":{"rendered":"http:\/\/argentinamunicipal.com.ar\/argentina\/?p=97240"},"modified":"2019-12-04T07:17:04","modified_gmt":"2019-12-04T10:17:04","slug":"viedma-sera-capital-nacional-de-la-avellana","status":"publish","type":"post","link":"http:\/\/argentinamunicipal.com.ar\/argentina\/viedma-sera-capital-nacional-de-la-avellana\/","title":{"rendered":"Viedma ser\u00e1 capital nacional de la avellana"},"content":{"rendered":"<p>La C\u00e1mara de Diputados de la Naci\u00f3n le dio media sanci\u00f3n al proyecto que declara \u00abcapital nacional de la producci\u00f3n de avellanas\u00bb a la ciudad de Viedma, una iniciativa de la legisladora rionegrina Lorena Matzen. Ahora, se espera la aprobaci\u00f3n del Senado para que sea definitiva.<\/p>\n<p>A partir del reconocimiento a Viedma, Matzen intenta una distinci\u00f3n hacia la cuenca de nogales m\u00e1s importante de la Argentina, que aporta el 95% a la producci\u00f3n nacional.<\/p>\n<p>\u201cEste reconocimiento, adem\u00e1s de tratarse de una aspiraci\u00f3n fundada en los niveles productivos de avellanas de la regi\u00f3n, operar\u00e1 favorablemente sobre la visibilizaci\u00f3n de esta actividad econ\u00f3mica que se encuentra en franca expansi\u00f3n, llamando la atenci\u00f3n de otros mercados, tanto internos como externos\u201d asegur\u00f3 Matzen, en referencia a las potencialidades de \u00e9sta producci\u00f3n, que ya registra experiencias exitosas y estables de exportaci\u00f3n.<\/p>\n<p>En este sentido, el avance de las avellanas viedmenses hacia mercados internacionales es alentador, y en 2018 alcanz\u00f3 las 330 toneladas de una producci\u00f3n total de 446. Cabe destacar que, a comienzos del siglo, el arribo de la reconocida empresa internacional de confituras Ferrero a Viedma, impuls\u00f3 exponencialmente el crecimiento de las superficies implantadas.<\/p>\n<p>En la actualidad, son 1.200 las hect\u00e1reas de la colonia agr\u00edcola del Instituto del Valle Inferior \u2013 IdeVI \u2013 dedicadas al cultivo de nogales, almendros y avellanos, con unas 2.500 toneladas anuales de producci\u00f3n total de frutos secos, constituy\u00e9ndose as\u00ed en la principal cuenca de nogales de la provincia de R\u00edo Negro y en el principal polo productor de avellanas del pa\u00eds.<\/p>\n<p>La diputada rionegrina destac\u00f3 \u201cla tarea intensa del Cluster de Frutos Secos de la Norpatagonia en el camino ininterrumpido de agregado de valor e innovaci\u00f3n tecnol\u00f3gica que ha emprendido, tanto para la eficientizaci\u00f3n de los procesos como para el agregado de valor del producto\u201d. En esta l\u00ednea, hizo hincapi\u00e9 en la incorporaci\u00f3n de tecnolog\u00eda no s\u00f3lo en la mecanizaci\u00f3n de la cosecha sino tambi\u00e9n en los avances en la producci\u00f3n de harinas de los tres frutos y la producci\u00f3n de aceites de nueces y de avellanos, que ya super\u00f3 la etapa experimental y ahora espera encontrar una escala adecuada para estos aceites gourmet.<\/p>\n<p>\u201cEsta actitud de mejora competitiva permanente y el avance sobre otros rubros que superen la producci\u00f3n primaria, se suma al posicionamiento de los frutos secos rionegrinos en el mercado interno, y dan por resultado una actividad econ\u00f3mica con un potencial que merece la atenci\u00f3n y el acompa\u00f1amiento de todas las instancias del Estado\u201d concluy\u00f3 Matzen.<\/p>\n<p>En una iniciativa paralela, propuso adem\u00e1s declarar de inter\u00e9s de la C\u00e1mara de Diputados, a la \u201cFiesta de los Frutos Secos\u201d, que se desarrolla anualmente en esa ciudad capital, para celebrar \u00e9sta actividad econ\u00f3mica que define su perfil productivo y ofrecer una importante vidriera a los productores de nueces, almendras y avellanas del Valle Inferior del r\u00edo Negro.<\/p>\n<h6>Fuente: ADN<\/h6>\n","protected":false},"excerpt":{"rendered":"<p>La C\u00e1mara de Diputados de la Naci\u00f3n le dio media sanci\u00f3n al proyecto que declara \u00abcapital nacional de la producci\u00f3n de avellanas\u00bb a la ciudad de Viedma<\/p>\n","protected":false},"author":2,"featured_media":97241,"comment_status":"closed","ping_status":"closed","sticky":false,"template":"","format":"standard","meta":{"footnotes":""},"categories":[47],"tags":[11],"class_list":["post-97240","post","type-post","status-publish","format-standard","has-post-thumbnail","hentry","category-fiestas","tag-rio-negro"],"_links":{"self":[{"href":"http:\/\/argentinamunicipal.com.ar\/argentina\/wp-json\/wp\/v2\/posts\/97240","targetHints":{"allow":["GET"]}}],"collection":[{"href":"http:\/\/argentinamunicipal.com.ar\/argentina\/wp-json\/wp\/v2\/posts"}],"about":[{"href":"http:\/\/argentinamunicipal.com.ar\/argentina\/wp-json\/wp\/v2\/types\/post"}],"author":[{"embeddable":true,"href":"http:\/\/argentinamunicipal.com.ar\/argentina\/wp-json\/wp\/v2\/users\/2"}],"replies":[{"embeddable":true,"href":"http:\/\/argentinamunicipal.com.ar\/argentina\/wp-json\/wp\/v2\/comments?post=97240"}],"version-history":[{"count":0,"href":"http:\/\/argentinamunicipal.com.ar\/argentina\/wp-json\/wp\/v2\/posts\/97240\/revisions"}],"wp:featuredmedia":[{"embeddable":true,"href":"http:\/\/argentinamunicipal.com.ar\/argentina\/wp-json\/wp\/v2\/media\/97241"}],"wp:attachment":[{"href":"http:\/\/argentinamunicipal.com.ar\/argentina\/wp-json\/wp\/v2\/media?parent=97240"}],"wp:term":[{"taxonomy":"category","embeddable":true,"href":"http:\/\/argentinamunicipal.com.ar\/argentina\/wp-json\/wp\/v2\/categories?post=97240"},{"taxonomy":"post_tag","embeddable":true,"href":"http:\/\/argentinamunicipal.com.ar\/argentina\/wp-json\/wp\/v2\/tags?post=97240"}],"curies":[{"name":"wp","href":"https:\/\/api.w.org\/{rel}","templated":true}]}}