{"id":97272,"date":"2019-12-05T07:06:42","date_gmt":"2019-12-05T10:06:42","guid":{"rendered":"http:\/\/argentinamunicipal.com.ar\/argentina\/?p=97272"},"modified":"2019-12-05T07:06:42","modified_gmt":"2019-12-05T10:06:42","slug":"son-tiempos-de-resistencia-al-neoliberalismo-en-todo-el-continente","status":"publish","type":"post","link":"http:\/\/argentinamunicipal.com.ar\/argentina\/son-tiempos-de-resistencia-al-neoliberalismo-en-todo-el-continente\/","title":{"rendered":"\u201cSon tiempos de resistencia al neoliberalismo en todo el continente\u201d\u00a0"},"content":{"rendered":"<p>\u201cSon tiempos de resistencia al neoliberalismo que nos golpea en todo el continente\u201d, defini\u00f3 Taty Almeida, Madre de Plaza de Mayo, a horas de comenzar junto a sus compa\u00f1eras de la L\u00ednea Fundadora la trig\u00e9simo novena edici\u00f3n de su Marcha de la Resistencia. En Plaza de Mayo, entre las 12 y las 20 de este jueves, rodear\u00e1n sin cesar la Pir\u00e1mide de Mayo acompa\u00f1adas por Abuelas de Plaza de Mayo, Familiares de Desaparecidos Detenidos por Razones Pol\u00edticas e Hijos, entre otros organismos de derechos humanos para decir \u201cBasta de neoliberalismo porque hambrea a nuestros pueblos\u201d.<\/p>\n<p>Como en a\u00f1os anteriores, las Madres se instalar\u00e1n en la Plaza al reparo de un gazebo que las proteger\u00e1 del sol entre ronda y ronda. \u201cYa somos grandes, necesitamos estos recaudos pero no aflojamos\u201d, advirti\u00f3 por su parte Nora Corti\u00f1as, quien se\u00f1al\u00f3 que \u201cnuestra resistencia se reedit\u00f3 estos cuatro a\u00f1os frente a los desastres que cometieron Mauricio Macri y su gobierno. No dejamos de estar en las calles\u201d. Ser\u00e1n acompa\u00f1adas por otros organismos de derechos humanos, organizaciones sociales y pol\u00edticas y los gremios de la CTA y la CGT que confluyen en la Intersindical de derechos humanos.<\/p>\n<p>\u201cHemos resistido por a\u00f1os y m\u00e1s estos \u00faltimos cuatro de un gobierno que fue lamentable, que no ha dejado derecho sin violentar\u201d, sum\u00f3 Almeida. Como cada a\u00f1o, las Madres reclamar\u00e1n la apertura de los archivos del terrorismo de Estado y la \u201cruptura\u201d del pacto de silencio de los militares y de la Iglesia: \u201cQue digan qu\u00e9 pas\u00f3 con todos y cada uno de nuestros hijos e hijas desaparecidas\u201d, exigir\u00e1n durante la jornada de resistencia en la que, desde ya, exclamar\u00e1n que \u201cson 30 mil\u201d las v\u00edctimas de la \u00faltima dictadura c\u00edvico militar. \u201cC\u00e1rcel com\u00fan, perpetua y efectiva\u201d para \u201ctodos los genocidas y sus c\u00f3mplices\u201d y la restituci\u00f3n de la identidad a los j\u00f3venes apropiados por el terrorismo de Estado completan la n\u00f3mina de consignas especialmente vinculadas con los cr\u00edmenes de lesa humanidad que las tienen a ellas y a sus hijes como v\u00edctimas.<\/p>\n<p>Esta edici\u00f3n de la Marcha, la 39\u00b0 de la l\u00ednea fundadora, est\u00e1 atravesada, no obstante, por las condiciones sociales, econ\u00f3micas y pol\u00edticas que castigan a la regi\u00f3n. As\u00ed, su lema principal, \u201cBasta de neoliberalismo porque hambrea a nuestros pueblos\u201d, fue consensuado con el objetivo de significar \u201clos tiempos que contextualizan esta edici\u00f3n, porque sabemos muy bien del horror que provoca cuando el neoliberalismo se instala en nuestras tierras\u201d, inform\u00f3 Almeida. \u201cHay hambre en todos los pa\u00edses de Am\u00e9rica Latina, ac\u00e1 gracias a Macri, tambi\u00e9n.\u00a0Y hay que estar muy atentos porque si bien gan\u00f3 las elecciones un gobierno popular estos que se van no lo har\u00e1n para siempre, quedar\u00e1n al acecho\u201d, concluy\u00f3.<\/p>\n<p>Adem\u00e1s, las Madres repudiar\u00e1n el golpe de Estado en Bolivia, exigir\u00e1n el cese de \u201cgolpes, desapariciones, violaciones y abusos en Am\u00e9rica Latina y el Caribe\u201d, reclamar\u00e1n el cese de la \u201cinjerencia\u201d de Estados Unidos en la pol\u00edtica de esos pa\u00edses y reformular\u00e1n el \u201cnunca m\u00e1s\u201d:\u00a0\u201cNunca m\u00e1s pol\u00edticas neoliberales en nuestro pa\u00eds y endeudamientos ileg\u00edtimos e impagables\u201d.\u00a0Por \u00faltimo, rechazar\u00e1n \u201cla doctrina Chocobar que valida el gatillo f\u00e1cil\u201d. Varios de los temas resumidos en las consignas ser\u00e1n desplegados desde la radio abierta que acompa\u00f1ar\u00e1 la marcha, por la que pasar\u00e1n referentes de organizaciones sindicales, sociales y pol\u00edticas argentinos y de pa\u00edses de la regi\u00f3n para sumar sus testimonios y an\u00e1lisis.<\/p>\n<p>Las rondas ininterrumpidas de ma\u00f1ana ser\u00e1n, tambi\u00e9n, la bienvenida de las Madres y el resto de los organismos de derechos humanos que las acompa\u00f1ar\u00e1n al \u201cgobierno popular que llegar\u00e1 el 10 de diciembre\u201d. En ese sentido, concluy\u00f3 Almeida: \u201cLe tenemos mucha esperanza, sabemos con seguridad que, entre muchas otras cosas, no le va a faltar el respeto a la memoria de nuestros hijos, pero tambi\u00e9n que no le va a ser f\u00e1cil sacar adelante el pa\u00eds de las condiciones en que lo dejan. Eso es una tarea de todos y todas\u201d.<\/p>\n<h6>Fuente: P\u00e1gina 12<\/h6>\n","protected":false},"excerpt":{"rendered":"<p>\u201cSon tiempos de resistencia al neoliberalismo que nos golpea en todo el continente\u201d, defini\u00f3 Taty Almeida, Madre de Plaza de Mayo, a horas de comenzar junto a sus compa\u00f1eras de la L\u00ednea Fundadora la trig\u00e9simo novena edici\u00f3n de su Marcha de la Resistencia.<\/p>\n","protected":false},"author":2,"featured_media":97273,"comment_status":"closed","ping_status":"closed","sticky":false,"template":"","format":"standard","meta":{"footnotes":""},"categories":[8],"tags":[21],"class_list":["post-97272","post","type-post","status-publish","format-standard","has-post-thumbnail","hentry","category-informe-nacional","tag-argentina"],"_links":{"self":[{"href":"http:\/\/argentinamunicipal.com.ar\/argentina\/wp-json\/wp\/v2\/posts\/97272","targetHints":{"allow":["GET"]}}],"collection":[{"href":"http:\/\/argentinamunicipal.com.ar\/argentina\/wp-json\/wp\/v2\/posts"}],"about":[{"href":"http:\/\/argentinamunicipal.com.ar\/argentina\/wp-json\/wp\/v2\/types\/post"}],"author":[{"embeddable":true,"href":"http:\/\/argentinamunicipal.com.ar\/argentina\/wp-json\/wp\/v2\/users\/2"}],"replies":[{"embeddable":true,"href":"http:\/\/argentinamunicipal.com.ar\/argentina\/wp-json\/wp\/v2\/comments?post=97272"}],"version-history":[{"count":0,"href":"http:\/\/argentinamunicipal.com.ar\/argentina\/wp-json\/wp\/v2\/posts\/97272\/revisions"}],"wp:featuredmedia":[{"embeddable":true,"href":"http:\/\/argentinamunicipal.com.ar\/argentina\/wp-json\/wp\/v2\/media\/97273"}],"wp:attachment":[{"href":"http:\/\/argentinamunicipal.com.ar\/argentina\/wp-json\/wp\/v2\/media?parent=97272"}],"wp:term":[{"taxonomy":"category","embeddable":true,"href":"http:\/\/argentinamunicipal.com.ar\/argentina\/wp-json\/wp\/v2\/categories?post=97272"},{"taxonomy":"post_tag","embeddable":true,"href":"http:\/\/argentinamunicipal.com.ar\/argentina\/wp-json\/wp\/v2\/tags?post=97272"}],"curies":[{"name":"wp","href":"https:\/\/api.w.org\/{rel}","templated":true}]}}