{"id":97278,"date":"2019-12-05T06:09:20","date_gmt":"2019-12-05T09:09:20","guid":{"rendered":"http:\/\/argentinamunicipal.com.ar\/argentina\/?p=97278"},"modified":"2019-12-05T07:11:02","modified_gmt":"2019-12-05T10:11:02","slug":"el-ano-en-que-se-cayo-la-construccion","status":"publish","type":"post","link":"http:\/\/argentinamunicipal.com.ar\/argentina\/el-ano-en-que-se-cayo-la-construccion\/","title":{"rendered":"El a\u00f1o en que se cay\u00f3 la construcci\u00f3n"},"content":{"rendered":"<p>Distribuidores de insumos, desarrolladores inmobiliarios y estudios de arquitectura tambi\u00e9n fueron afectados por la ca\u00edda en los \u00faltimos 12 meses que a\u00fan se prolonga.<\/p>\n<p>Ocho de cada 10 empresarios del sector de la construcci\u00f3n dice haber tenido una ca\u00edda del nivel de actividad a lo largo de 2019. Ese resultado es relativamente parejo para distintos operadores del mercado, como constructores, desarrolladores inmobiliarios, distribuidores de materiales, estudios de arquitectura e inmobiliarias. S\u00f3lo un 5 por ciento de los constructores, distribuidores de materiales y estudios de arquitectura obtuvo mejor\u00edas, mientras que ning\u00fan desarrollador ni inmobiliaria dijo haber incrementado su actividad con respecto a 2018. Los datos fueron relevados por el Indicador de Expectativas del Estudio de Opini\u00f3n Construya (IE-EOC) que elabora el Grupo Construya, compuesto por las principales productoras de insumos.<\/p>\n<p>Seg\u00fan los \u00faltimos datos del Ieric (instituto de estad\u00edsticas y registros de la industria de la construcci\u00f3n), el ritmo de contracci\u00f3n del nivel de actividad en el sector de la construcci\u00f3n se fue acelerando en los \u00faltimos meses, desde el rojo del 6 por ciento interanual en agosto, al 7,2 en septiembre y 8,8 por ciento en octubre. Desde 2011, octubre fue el mes con menor cantidad de toneladas de cemento consumidas, a excepci\u00f3n de octubre de 2016. Por el lado laboral, los puestos registrados est\u00e1n en 396.545 luego de seis ca\u00eddas mensuales consecutivas. \u201cCon respecto a agosto, la merma fue del 2,4 por ciento, en lo que configura la retracci\u00f3n de mayor intensidad observada para un mes de septiembre, que es un per\u00edodo de tradicional crecimiento en la ocupaci\u00f3n sectorial\u201d, indica el Ieric. Tanto por el lado de los desarrollos privados como de la obra p\u00fablica, hay un escenario claramente negativo para el sector que se explica por el grado de incertidumbre econ\u00f3mica, la retracci\u00f3n de la obra p\u00fablica, la volatilidad del d\u00f3lar y las restricciones cambiarias.<\/p>\n<p>De ah\u00ed que la gran mayor\u00eda de los empresarios consultados por el Grupo Construya muestre un resultado negativo para este a\u00f1o, cualquiera sea el subsector de que se trate. En el rubro inmobiliario, el 90 por ciento se\u00f1ala que la actividad disminuy\u00f3. Entre los constructores, distribuidores de material de construcci\u00f3n y desarrolladores, las respuestas negativas var\u00edan del 83 al 85 por ciento. El sector de Estudios de Arquitectura, incluso en una posici\u00f3n relativamente mejor que el resto, se se\u00f1ala en el 72 por ciento de los encuestados que la actividad cay\u00f3.<\/p>\n<p>Entre un 10 y un 20 por ciento, seg\u00fan el subsector, quedaron igual que en 2018, mientras que apenas un pu\u00f1ado lograron un resultado positivo. A la hora de evaluar los factores que pueden impulsar la recuperaci\u00f3n, el primer punto fue el crecimiento de la actividad econ\u00f3mica, seguido de la disminuci\u00f3n del metro cuadrado medido en d\u00f3lares y del riesgo que suponen otras alternativas de inversi\u00f3n, en un contexto de cepo cambiario que impide el refugio de ahorros en el d\u00f3lar. La primer dificultad se\u00f1alada es la incertidumbre por el tipo de cambio, seguida de los problemas de financiamiento, la presi\u00f3n impositiva, aumentos de los costos de construcci\u00f3n medidos en pesos y costo de los terrenos.<\/p>\n<p>De todos modos, hay poco optimismo para los pr\u00f3ximos meses. Entre los empresarios de la construcci\u00f3n, el 37 por ciento no espera cambios en el nivel de actividad para el pr\u00f3ximo a\u00f1o, mientras que el 35 por ciento piensa que seguir\u00e1 en ca\u00edda. Apenas el 18 por ciento visualiza mejoras. Por encima del promedio de los optimistas a nivel nacional est\u00e1n los empresarios del NEA y NOA, de los cuales el 24 por ciento espera mejoras. En cambio, los m\u00e1s pesimistas son los empresarios de Cuyo, de los cuales el 47 por ciento vislumbra ca\u00eddas.<\/p>\n<h6>Fuente: P\u00e1gina 12<\/h6>\n","protected":false},"excerpt":{"rendered":"<p>Distribuidores de insumos, desarrolladores inmobiliarios y estudios de arquitectura tambi\u00e9n fueron afectados por la ca\u00edda en los \u00faltimos 12 meses que a\u00fan se prolonga.\u00a0<\/p>\n","protected":false},"author":2,"featured_media":97279,"comment_status":"closed","ping_status":"closed","sticky":false,"template":"","format":"standard","meta":{"footnotes":""},"categories":[8],"tags":[21],"class_list":["post-97278","post","type-post","status-publish","format-standard","has-post-thumbnail","hentry","category-informe-nacional","tag-argentina"],"_links":{"self":[{"href":"http:\/\/argentinamunicipal.com.ar\/argentina\/wp-json\/wp\/v2\/posts\/97278","targetHints":{"allow":["GET"]}}],"collection":[{"href":"http:\/\/argentinamunicipal.com.ar\/argentina\/wp-json\/wp\/v2\/posts"}],"about":[{"href":"http:\/\/argentinamunicipal.com.ar\/argentina\/wp-json\/wp\/v2\/types\/post"}],"author":[{"embeddable":true,"href":"http:\/\/argentinamunicipal.com.ar\/argentina\/wp-json\/wp\/v2\/users\/2"}],"replies":[{"embeddable":true,"href":"http:\/\/argentinamunicipal.com.ar\/argentina\/wp-json\/wp\/v2\/comments?post=97278"}],"version-history":[{"count":0,"href":"http:\/\/argentinamunicipal.com.ar\/argentina\/wp-json\/wp\/v2\/posts\/97278\/revisions"}],"wp:featuredmedia":[{"embeddable":true,"href":"http:\/\/argentinamunicipal.com.ar\/argentina\/wp-json\/wp\/v2\/media\/97279"}],"wp:attachment":[{"href":"http:\/\/argentinamunicipal.com.ar\/argentina\/wp-json\/wp\/v2\/media?parent=97278"}],"wp:term":[{"taxonomy":"category","embeddable":true,"href":"http:\/\/argentinamunicipal.com.ar\/argentina\/wp-json\/wp\/v2\/categories?post=97278"},{"taxonomy":"post_tag","embeddable":true,"href":"http:\/\/argentinamunicipal.com.ar\/argentina\/wp-json\/wp\/v2\/tags?post=97278"}],"curies":[{"name":"wp","href":"https:\/\/api.w.org\/{rel}","templated":true}]}}