{"id":97296,"date":"2019-12-05T07:30:48","date_gmt":"2019-12-05T10:30:48","guid":{"rendered":"http:\/\/argentinamunicipal.com.ar\/argentina\/?p=97296"},"modified":"2019-12-05T07:30:48","modified_gmt":"2019-12-05T10:30:48","slug":"cambiemos-de-la-lluvia-a-la-sequia-de-inversiones","status":"publish","type":"post","link":"http:\/\/argentinamunicipal.com.ar\/argentina\/cambiemos-de-la-lluvia-a-la-sequia-de-inversiones\/","title":{"rendered":"Cambiemos: de la lluvia a la sequ\u00eda de inversiones"},"content":{"rendered":"<p>La gesti\u00f3n de Mauricio Macri finalizar\u00e1 con una ca\u00edda del 10% en la inversi\u00f3n productiva, el indicador fetiche de los cuadros t\u00e9cnicos que lideraban el equipo inicial de Cambiemos. Las se\u00f1ales pro mercado no surtieron efecto en la b\u00fasqueda de una lluvia de inversiones que inundara de d\u00f3lares sostenibles a la econom\u00eda. Y es que, como contrapartida, la p\u00e9rdida del salario y la precarizaci\u00f3n laboral generaron ca\u00eddas en el consumo y achicaron los mercados para las empresas.<\/p>\n<p>En los \u00faltimos dos a\u00f1os, la inversi\u00f3n productiva no dio ninguna buena se\u00f1al, de la mano de la debacle cambiaria. El \u00faltimo dato privado fue el de Orlando Ferreres y Asociados de octubre, que registr\u00f3 una ca\u00edda de 4,5% interanual para su indicador y otra de 11,4% en los primeros 10 meses de 2019.<\/p>\n<p>En septiembre, el Instituto de Trabajo y Econom\u00eda de la Fundaci\u00f3n Germ\u00e1n Abdala (ITE-FGA) midi\u00f3 otro desplome de 10,8% interanual. \u201cDe mantenerse en ese nivel los \u00faltimos tres meses del a\u00f1o, la inversi\u00f3n caer\u00eda en torno al 14% en 2019, dejando un nivel 10% menor al de diciembre de 2015\u201d, se\u00f1ala la entidad.<\/p>\n<p>Adem\u00e1s, tambi\u00e9n sobre el cierre de la semana pasada, el INDEC inform\u00f3 que las inversiones productivas extranjeras cayeron 37,1% durante el primer semestre del 2019, en comparaci\u00f3n con el mismo per\u00edodo del a\u00f1o pasado: US$3.573 contra US$5.680 millones, respectivamente.<\/p>\n<p>En ninguno de los dos casos el n\u00famero de las divisas que llegaron para producir logra superar al de la fuga de d\u00f3lares de agosto \u00faltimo, que fue de US$5.900 millones. En un s\u00f3lo mes, la compra de d\u00f3lares para atesoramiento se llev\u00f3 m\u00e1s billetes que un semestre entero de inversiones productivas de empresas extranjeras.<\/p>\n<p>Desde ITE-FGA rese\u00f1aron: \u201cEl gasto en bienes de capital se encuentra en los niveles m\u00e1s bajos desde la crisis subprime en 2009. La inversi\u00f3n en equipo durable de producci\u00f3n nacional acumula 23 meses de ca\u00eddas consecutivas, lideradas por la siderurgia y los qu\u00edmicos y pl\u00e1sticos, mientras que el equipo durable de producci\u00f3n importado lleva 17 meses consecutivos de recesi\u00f3n. Las importaciones de bienes de capital est\u00e1n alcanzando niveles m\u00ednimos hist\u00f3ricos\u201d.<\/p>\n<p>Y agregaron: \u201cLa actividad de la construcci\u00f3n no es ajena al estancamiento econ\u00f3mico y presenta 13 meses consecutivos de ca\u00edda, registrando en septiembre un descenso de 8,5% anual. Si la construcci\u00f3n se mantuviese constante en los niveles observados hoy, el gobierno dejar\u00eda un nivel 7,5% menor al de 2015\u201d.<\/p>\n<p>La inversi\u00f3n representa una porci\u00f3n cada vez menor dentro del PBI. Pas\u00f3 de 19,6% en 2015 a 16,5% en 2019, seg\u00fan los datos del INDEC. En ello jug\u00f3 un papel importante el deterioro del consumo. Con el mercado en plena contracci\u00f3n, y una proyecci\u00f3n escasa para sus ventas, las empresas no encuentran incentivo para comprar maquinarias.<\/p>\n<h6>Fuente: ADN<\/h6>\n","protected":false},"excerpt":{"rendered":"<p>La gesti\u00f3n de Mauricio Macri finalizar\u00e1 con una ca\u00edda del 10% en la inversi\u00f3n productiva, el indicador fetiche de los cuadros t\u00e9cnicos que lideraban el equipo inicial de Cambiemos.<\/p>\n","protected":false},"author":2,"featured_media":97297,"comment_status":"closed","ping_status":"closed","sticky":false,"template":"","format":"standard","meta":{"footnotes":""},"categories":[8],"tags":[21],"class_list":["post-97296","post","type-post","status-publish","format-standard","has-post-thumbnail","hentry","category-informe-nacional","tag-argentina"],"_links":{"self":[{"href":"http:\/\/argentinamunicipal.com.ar\/argentina\/wp-json\/wp\/v2\/posts\/97296","targetHints":{"allow":["GET"]}}],"collection":[{"href":"http:\/\/argentinamunicipal.com.ar\/argentina\/wp-json\/wp\/v2\/posts"}],"about":[{"href":"http:\/\/argentinamunicipal.com.ar\/argentina\/wp-json\/wp\/v2\/types\/post"}],"author":[{"embeddable":true,"href":"http:\/\/argentinamunicipal.com.ar\/argentina\/wp-json\/wp\/v2\/users\/2"}],"replies":[{"embeddable":true,"href":"http:\/\/argentinamunicipal.com.ar\/argentina\/wp-json\/wp\/v2\/comments?post=97296"}],"version-history":[{"count":0,"href":"http:\/\/argentinamunicipal.com.ar\/argentina\/wp-json\/wp\/v2\/posts\/97296\/revisions"}],"wp:featuredmedia":[{"embeddable":true,"href":"http:\/\/argentinamunicipal.com.ar\/argentina\/wp-json\/wp\/v2\/media\/97297"}],"wp:attachment":[{"href":"http:\/\/argentinamunicipal.com.ar\/argentina\/wp-json\/wp\/v2\/media?parent=97296"}],"wp:term":[{"taxonomy":"category","embeddable":true,"href":"http:\/\/argentinamunicipal.com.ar\/argentina\/wp-json\/wp\/v2\/categories?post=97296"},{"taxonomy":"post_tag","embeddable":true,"href":"http:\/\/argentinamunicipal.com.ar\/argentina\/wp-json\/wp\/v2\/tags?post=97296"}],"curies":[{"name":"wp","href":"https:\/\/api.w.org\/{rel}","templated":true}]}}