{"id":97312,"date":"2019-12-06T06:45:05","date_gmt":"2019-12-06T09:45:05","guid":{"rendered":"http:\/\/argentinamunicipal.com.ar\/argentina\/?p=97312"},"modified":"2019-12-06T06:45:05","modified_gmt":"2019-12-06T09:45:05","slug":"segun-macri-su-gobierno-le-mejoro-la-vida-a-los-jubilados-y-se-endeudo-para-pagar-la-herencia-k","status":"publish","type":"post","link":"http:\/\/argentinamunicipal.com.ar\/argentina\/segun-macri-su-gobierno-le-mejoro-la-vida-a-los-jubilados-y-se-endeudo-para-pagar-la-herencia-k\/","title":{"rendered":"Seg\u00fan Macri, su gobierno le \u00abmejor\u00f3 la vida a los jubilados\u00bb y se endeud\u00f3 para pagar la herencia K"},"content":{"rendered":"<p>El Presidente utiliz\u00f3 la cadena nacional para iniciar la disputa acerca de cu\u00e1l es la herencia que recibir\u00e1 el peronismo a partir del 10 de diciembre. A pesar de reconocer errores, fundamentalmente en materia econ\u00f3mica, defendi\u00f3 los \u00ablogros\u00bb y asegur\u00f3 que construy\u00f3 los \u00abcimientos para una econom\u00eda s\u00f3lida que quiera crecer\u00bb.<\/p>\n<p>Mauricio Macri\u00a0utiliz\u00f3 por primera vez en cuatro a\u00f1os la cadena nacional. Lo hizo para adelantarse a la oposici\u00f3n e iniciar la disputa acerca de cu\u00e1l es el estado en que dejar\u00e1 el pa\u00eds tras su periodo presidencial. En casi una hora de discurso, el Presidente defendi\u00f3 sus \u201clogros\u201d en materia de infraestructura y energ\u00eda, econom\u00eda, cultura del poder y calidad democr\u00e1tica, relaciones internacionales, lucha contra el narcotr\u00e1fico y la inseguridad y desarrollo humano.<\/p>\n<p>Al repasar la gesti\u00f3n econ\u00f3mica, reconoci\u00f3 que \u201cno me voy satisfecho con cu\u00e1nto creci\u00f3 la econom\u00eda durante mi mandato o cu\u00e1les fueron los resultados de la lucha contra la inflaci\u00f3n y la pobreza\u201d. Sin embargo, insisti\u00f3 con que se construyeron \u201clos cimientos para una econom\u00eda s\u00f3lida que quiera crecer\u201d. \u201cPueden ser dif\u00edciles de ver, pero tambi\u00e9n es cierto que estas condiciones son indispensables para crecer, tener m\u00e1s trabajo y mejores salarios\u201d, a\u00f1adi\u00f3.<\/p>\n<p>Por otra parte, tambi\u00e9n defendi\u00f3 su pol\u00edtica provisional. \u201cAlcanzamos el nivel de cobertura m\u00e1s alto de nuestra historia\u201d, afirm\u00f3. Rescat\u00f3 tambi\u00e9n que \u201cgracias a la reparaci\u00f3n hist\u00f3rica, m\u00e1s de un mill\u00f3n de jubilados est\u00e1 cobrando lo que le corresponde y 500 mil dejaron de cobra la m\u00ednima\u201d.<\/p>\n<p>En esa l\u00ednea, justific\u00f3 la pol\u00edtica financiera y de endeudamiento externo durante su gesti\u00f3n. \u201cExiste la sensaci\u00f3n de que en 2015 el Estado argentino no ten\u00eda deudas, esto no es cierto. Ahora debemos m\u00e1s, es cierto, pero eso tiene una causa\u201d, dijo y apunt\u00f3 contra el gobierno anterior. \u201cTuvimos que pedir plata prestada, pero 2 de cada 3 pesos que tomamos fueron para pagar vencimientos de deuda tomada por gobiernos anteriores al nuestro. El peso restante fue para pagar el d\u00e9ficit que tuvimos los primeros a\u00f1os\u201d, argument\u00f3.<\/p>\n<p>\u201cA pesar de estos resultados, trabajamos mucho para ordenar nuestra econom\u00eda y una parte importante del trabajo ya est\u00e1 hecho. El pr\u00f3ximo gobierno va a poder apoyarse en muchas de nuestras reformas para iniciar un periodo de crecimiento\u201d, insiti\u00f3 y agreg\u00f3 que \u201ces cierto que no pudimos ver los frutos en estos a\u00f1os, pero ordenamos las bases\u201d.<\/p>\n<p>En el plano pol\u00edtico, Macri destac\u00f3 que \u201ces la primera vez en cien a\u00f1os que un gobierno no peronista y con minor\u00eda en ambas c\u00e1maras est\u00e1 terminando su mandato\u201d. Consider\u00f3 que en su gesti\u00f3n \u201chemos valorado nuestras instituciones, nuestra democracia es m\u00e1s fuerte, nuestra justicia es m\u00e1s independiente, nuestra prensa es m\u00e1s libre, nos integramos al mundo y estamos m\u00e1s seguros frente al delito y al narcotr\u00e1fico\u201d.<\/p>\n<p>Al final de la cadena nacional, el Presidente expres\u00f3 que \u201cla Argentina supo y pudo desafiar a\u00f1os del \u00b4no se puede` para encontrar un cause para su desarrollo\u201d. \u201cFueron cuatro a\u00f1os en los que los argentinos aprendimos a mirar de frente a nuestros problemas, estoy profundamente orgulloso\u201d, complet\u00f3.<\/p>\n<p>Por \u00faltimo, sobre el gobierno que asumir\u00e1 el 10 de diciembre, dijo que Alberto Fern\u00e1ndez \u201cva a recibir un pa\u00eds con una cantidad de informaci\u00f3n in\u00e9dita en la historia argentina\u201d. Sobre su futuro, adelant\u00f3 que \u201cvoy a seguir acompa\u00f1\u00e1ndolos desde la oposici\u00f3n\u201d y concluy\u00f3 que \u201choy hay una alternativa sana de poder en la Argentina\u201d.<\/p>\n<h6>Fuente: InfoCielo<\/h6>\n","protected":false},"excerpt":{"rendered":"<p>El Presidente utiliz\u00f3 la cadena nacional para iniciar la disputa acerca de cu\u00e1l es la herencia que recibir\u00e1 el peronismo a partir del 10 de diciembre.<\/p>\n","protected":false},"author":2,"featured_media":97313,"comment_status":"closed","ping_status":"closed","sticky":false,"template":"","format":"standard","meta":{"footnotes":""},"categories":[8],"tags":[21],"class_list":["post-97312","post","type-post","status-publish","format-standard","has-post-thumbnail","hentry","category-informe-nacional","tag-argentina"],"_links":{"self":[{"href":"http:\/\/argentinamunicipal.com.ar\/argentina\/wp-json\/wp\/v2\/posts\/97312","targetHints":{"allow":["GET"]}}],"collection":[{"href":"http:\/\/argentinamunicipal.com.ar\/argentina\/wp-json\/wp\/v2\/posts"}],"about":[{"href":"http:\/\/argentinamunicipal.com.ar\/argentina\/wp-json\/wp\/v2\/types\/post"}],"author":[{"embeddable":true,"href":"http:\/\/argentinamunicipal.com.ar\/argentina\/wp-json\/wp\/v2\/users\/2"}],"replies":[{"embeddable":true,"href":"http:\/\/argentinamunicipal.com.ar\/argentina\/wp-json\/wp\/v2\/comments?post=97312"}],"version-history":[{"count":0,"href":"http:\/\/argentinamunicipal.com.ar\/argentina\/wp-json\/wp\/v2\/posts\/97312\/revisions"}],"wp:featuredmedia":[{"embeddable":true,"href":"http:\/\/argentinamunicipal.com.ar\/argentina\/wp-json\/wp\/v2\/media\/97313"}],"wp:attachment":[{"href":"http:\/\/argentinamunicipal.com.ar\/argentina\/wp-json\/wp\/v2\/media?parent=97312"}],"wp:term":[{"taxonomy":"category","embeddable":true,"href":"http:\/\/argentinamunicipal.com.ar\/argentina\/wp-json\/wp\/v2\/categories?post=97312"},{"taxonomy":"post_tag","embeddable":true,"href":"http:\/\/argentinamunicipal.com.ar\/argentina\/wp-json\/wp\/v2\/tags?post=97312"}],"curies":[{"name":"wp","href":"https:\/\/api.w.org\/{rel}","templated":true}]}}