{"id":97316,"date":"2019-12-06T06:47:50","date_gmt":"2019-12-06T09:47:50","guid":{"rendered":"http:\/\/argentinamunicipal.com.ar\/argentina\/?p=97316"},"modified":"2019-12-06T06:47:50","modified_gmt":"2019-12-06T09:47:50","slug":"cuatro-de-cada-diez-personas-no-llegan-a-fin-de-mes","status":"publish","type":"post","link":"http:\/\/argentinamunicipal.com.ar\/argentina\/cuatro-de-cada-diez-personas-no-llegan-a-fin-de-mes\/","title":{"rendered":"Cuatro de cada diez personas no llegan a fin de mes"},"content":{"rendered":"<p>Los encuestados consideraron que el principal problema que impacta en su econom\u00eda es la inflaci\u00f3n y casi el 60 por ciento considera que el pr\u00f3ximo gobierno va a poder reactivar la econom\u00eda.<\/p>\n<p>La situaci\u00f3n al interior de las familias es preocupante. Cuatro de cada diez apenas llega a fin de mes y otro 40 por ciento tuvo que usar ahorros o endeudarse para afrontar gastos. La gravedad radica en el hecho de que el principal gasto recortado es en alimentos. As\u00ed se desprende de un informe de perspectivas econ\u00f3micas y percepci\u00f3n social realizado en diciembre por las consultoras privadas Focus Market y Zuban C\u00f3rdoba &amp; Asociados. Los encuestados consideraron que el principal problema que impacta en su econom\u00eda es la inflaci\u00f3n y casi el 60 por ciento considera que el pr\u00f3ximo gobierno va a poder reactivar la econom\u00eda.<\/p>\n<p>La encuesta fue realizada en todo el pa\u00eds a fines de noviembre y el tama\u00f1o de la muestra fue de 1500 casos. En el apartado \u201cSituaci\u00f3n y problemas\u201d, el 40 por ciento consider\u00f3 que en un a\u00f1o estar\u00e1 mejor, y el 21 por ciento, que estar\u00e1 peor. Ante la pregunta sobre cu\u00e1l es el principal problema para la familia, la principal respuesta fue la inflaci\u00f3n en un 37,8 por ciento; le sigui\u00f3 desempleo en un 13,8 por ciento y pobreza en 11,5 por ciento.<\/p>\n<p>En cambio, sobre cu\u00e1l es el principal problema de la econom\u00eda argentina, consideraron en un primer lugar el gasto p\u00fablico (16,6 por ciento) y en segundo lugar la deuda (15,2 por ciento). Sin embargo, el dato var\u00eda si se desagregan las respuestas seg\u00fan a qui\u00e9n vot\u00f3 en las \u00faltimas elecciones. Para los seguidores de Cambiemos el principal problema de la econom\u00eda es el gasto estatal, y para los seguidores del Frente de Todos, la deuda externa. Algo similar ocurre con las respuestas de cu\u00e1les son los principales problemas del pa\u00eds. Los votantes de Macri consideran que es la corrupci\u00f3n, y los de Fern\u00e1ndez, la pobreza.<\/p>\n<p>Luego, en el apartado de expectativas, se observa la gravedad de la situaci\u00f3n actual. El 41 por ciento considera que apenas llega a fin de mes, el 19,5 por ciento dice que \u201cvive endeudado\u201d, el 18 por ciento que tuvo que usar ahorros y s\u00f3lo el 16 por ciento consider\u00f3 que \u201cconsigue ahorrar algo\u201d. Los datos van en l\u00ednea con la informaci\u00f3n oficial del Banco Central: la morosidad de las familias\u00a0se duplic\u00f3\u00a0en los \u00faltimos 4 a\u00f1os y s\u00f3lo el 24 por ciento\u00a0consigui\u00f3 ahorrar\u00a0durante un a\u00f1o.<\/p>\n<p>El principal gasto recortado fue alimentos (20 por ciento), seguido por salidas al cine y al teatro (15 por ciento), ropa y accesorios (14 por ciento), viajes (13 por ciento), consumo de luz y gas (12 por ciento) y tratamientos m\u00e9dicos (9,4 por ciento). Las cifras se corresponden con las estad\u00edsticas que difunde mes a mes el Indec. En el caso de los supermercados, las ventas acumulan una baja del 11,8 por ciento durante los primeros nueve meses del a\u00f1o, con respecto al mismo per\u00edodo del a\u00f1o anterior.<\/p>\n<p>Las expectativas de cara al futuro no son tan penosas como la situaci\u00f3n actual. M\u00e1s del 60 por ciento consider\u00f3 que el pr\u00f3ximo gobierno de Alberto Fern\u00e1ndez tiene un plan econ\u00f3mico. El 59 por ciento espera que logre reactivar la econom\u00eda y as\u00ed poder mejorar la situaci\u00f3n particular de cada familia. De hecho, el principal motivo por el cual votaron al presidente electo fue la crisis econ\u00f3mica. En el caso del presidente saliente, Mauricio Macri, el principal motivo fue la \u201cdesconfianza a Cristina\u201d.<\/p>\n<p>\u00bfCu\u00e1l ser\u00e1 el plazo de la \u201cluna de miel\u201d que se le dar\u00e1 al pr\u00f3ximo mandatario? Un 32 por ciento dijo un a\u00f1o, un 21 por ciento 6 meses, un 20 por ciento dos a\u00f1os, y un 16 por ciento 3 meses.<\/p>\n<p>Otro de los resultados se refiere al futuro del d\u00f3lar. La mitad de los encuestados consider\u00f3 que el d\u00f3lar estar\u00e1 estable y un 70 por ciento opin\u00f3 que el Estado debe intervenir en el mercado del tipo de cambio. De hecho, en las respuestas est\u00e1n desagregados los resultados seg\u00fan a qui\u00e9n vot\u00f3 la persona. Este es uno de los pocos casos en que las respuestas no fueron tan dis\u00edmiles: los votantes de Macri votaron en un 56 por ciento estar \u201calgo o totalmente de acuerdo\u201d con la intervenci\u00f3n, y los de Fern\u00e1ndez en un 81 por ciento. Adem\u00e1s, las expectativas de devaluaci\u00f3n son dispares. El 24 por ciento espera que el d\u00f3lar se ubique entre 65 y 70 pesos, que hoy se ubica en 63 pesos. El 16 por ciento considera que estar\u00e1 entre 70 y 75 pesos y el 13 por ciento que superar\u00e1 los 90 pesos.<\/p>\n<h6>Fuente: P\u00e1gina 12<\/h6>\n","protected":false},"excerpt":{"rendered":"<p>Los encuestados consideraron que el principal problema que impacta en su econom\u00eda es la inflaci\u00f3n y casi el 60 por ciento considera que el pr\u00f3ximo gobierno va a poder reactivar la econom\u00eda.<\/p>\n","protected":false},"author":2,"featured_media":97317,"comment_status":"closed","ping_status":"closed","sticky":false,"template":"","format":"standard","meta":{"footnotes":""},"categories":[8],"tags":[21],"class_list":["post-97316","post","type-post","status-publish","format-standard","has-post-thumbnail","hentry","category-informe-nacional","tag-argentina"],"_links":{"self":[{"href":"http:\/\/argentinamunicipal.com.ar\/argentina\/wp-json\/wp\/v2\/posts\/97316","targetHints":{"allow":["GET"]}}],"collection":[{"href":"http:\/\/argentinamunicipal.com.ar\/argentina\/wp-json\/wp\/v2\/posts"}],"about":[{"href":"http:\/\/argentinamunicipal.com.ar\/argentina\/wp-json\/wp\/v2\/types\/post"}],"author":[{"embeddable":true,"href":"http:\/\/argentinamunicipal.com.ar\/argentina\/wp-json\/wp\/v2\/users\/2"}],"replies":[{"embeddable":true,"href":"http:\/\/argentinamunicipal.com.ar\/argentina\/wp-json\/wp\/v2\/comments?post=97316"}],"version-history":[{"count":0,"href":"http:\/\/argentinamunicipal.com.ar\/argentina\/wp-json\/wp\/v2\/posts\/97316\/revisions"}],"wp:featuredmedia":[{"embeddable":true,"href":"http:\/\/argentinamunicipal.com.ar\/argentina\/wp-json\/wp\/v2\/media\/97317"}],"wp:attachment":[{"href":"http:\/\/argentinamunicipal.com.ar\/argentina\/wp-json\/wp\/v2\/media?parent=97316"}],"wp:term":[{"taxonomy":"category","embeddable":true,"href":"http:\/\/argentinamunicipal.com.ar\/argentina\/wp-json\/wp\/v2\/categories?post=97316"},{"taxonomy":"post_tag","embeddable":true,"href":"http:\/\/argentinamunicipal.com.ar\/argentina\/wp-json\/wp\/v2\/tags?post=97316"}],"curies":[{"name":"wp","href":"https:\/\/api.w.org\/{rel}","templated":true}]}}