{"id":97325,"date":"2019-12-06T06:57:42","date_gmt":"2019-12-06T09:57:42","guid":{"rendered":"http:\/\/argentinamunicipal.com.ar\/argentina\/?p=97325"},"modified":"2019-12-06T06:57:42","modified_gmt":"2019-12-06T09:57:42","slug":"una-encuesta-muestra-un-rechazo-unanime-a-macri","status":"publish","type":"post","link":"http:\/\/argentinamunicipal.com.ar\/argentina\/una-encuesta-muestra-un-rechazo-unanime-a-macri\/","title":{"rendered":"Una encuesta muestra un rechazo un\u00e1nime a Macri"},"content":{"rendered":"<p>Mauricio Macri ofreci\u00f3 a trav\u00e9s de la cadena nacional un discurso donde ponder\u00f3 los \u00ablogros\u00bb de su gesti\u00f3n. Los n\u00fameros de la econom\u00eda indican que no deja un pa\u00eds tan maravilloso como describi\u00f3. La percepci\u00f3n de los argentinos tampoco acompa\u00f1a la pintura que ofreci\u00f3 el Presidente.<\/p>\n<p>Una encuesta de Hugo Haime se\u00f1ala que Macri se va con una imagen negativa del 67 por ciento y una positiva de 30. Algo parecido pasa con su gesti\u00f3n: el 68 por ciento la eval\u00faa de forma desfavorable y un 27 la rescata.<\/p>\n<p>Pero en una cosa hay casi unanimidad: el 91,8 por ciento cree que Macri deja el pa\u00eds en una situaci\u00f3n muy o bastante grave y s\u00f3lo el 8 por ciento siente que la situaci\u00f3n es poco o nada grave.<\/p>\n<p>Esto indica que ni siquiera los que lo acompa\u00f1an con su voto y simpat\u00eda creen en las \u00abbases s\u00f3lidas\u00bb que el Presidente asegura haber construido.<\/p>\n<h6>Fuente: P\u00e1gina 12<\/h6>\n","protected":false},"excerpt":{"rendered":"<p>Mauricio Macri ofreci\u00f3 a trav\u00e9s de la cadena nacional un discurso donde ponder\u00f3 los \u00ablogros\u00bb de su gesti\u00f3n. Los n\u00fameros de la econom\u00eda indican que no deja un pa\u00eds tan maravilloso como describi\u00f3.<\/p>\n","protected":false},"author":2,"featured_media":97326,"comment_status":"closed","ping_status":"closed","sticky":false,"template":"","format":"standard","meta":{"footnotes":""},"categories":[8],"tags":[21],"class_list":["post-97325","post","type-post","status-publish","format-standard","has-post-thumbnail","hentry","category-informe-nacional","tag-argentina"],"_links":{"self":[{"href":"http:\/\/argentinamunicipal.com.ar\/argentina\/wp-json\/wp\/v2\/posts\/97325","targetHints":{"allow":["GET"]}}],"collection":[{"href":"http:\/\/argentinamunicipal.com.ar\/argentina\/wp-json\/wp\/v2\/posts"}],"about":[{"href":"http:\/\/argentinamunicipal.com.ar\/argentina\/wp-json\/wp\/v2\/types\/post"}],"author":[{"embeddable":true,"href":"http:\/\/argentinamunicipal.com.ar\/argentina\/wp-json\/wp\/v2\/users\/2"}],"replies":[{"embeddable":true,"href":"http:\/\/argentinamunicipal.com.ar\/argentina\/wp-json\/wp\/v2\/comments?post=97325"}],"version-history":[{"count":0,"href":"http:\/\/argentinamunicipal.com.ar\/argentina\/wp-json\/wp\/v2\/posts\/97325\/revisions"}],"wp:featuredmedia":[{"embeddable":true,"href":"http:\/\/argentinamunicipal.com.ar\/argentina\/wp-json\/wp\/v2\/media\/97326"}],"wp:attachment":[{"href":"http:\/\/argentinamunicipal.com.ar\/argentina\/wp-json\/wp\/v2\/media?parent=97325"}],"wp:term":[{"taxonomy":"category","embeddable":true,"href":"http:\/\/argentinamunicipal.com.ar\/argentina\/wp-json\/wp\/v2\/categories?post=97325"},{"taxonomy":"post_tag","embeddable":true,"href":"http:\/\/argentinamunicipal.com.ar\/argentina\/wp-json\/wp\/v2\/tags?post=97325"}],"curies":[{"name":"wp","href":"https:\/\/api.w.org\/{rel}","templated":true}]}}