{"id":97328,"date":"2019-12-06T07:01:43","date_gmt":"2019-12-06T10:01:43","guid":{"rendered":"http:\/\/argentinamunicipal.com.ar\/argentina\/?p=97328"},"modified":"2019-12-06T07:01:43","modified_gmt":"2019-12-06T10:01:43","slug":"cambiemos-aumento-la-pobreza-al-408-por-ciento","status":"publish","type":"post","link":"http:\/\/argentinamunicipal.com.ar\/argentina\/cambiemos-aumento-la-pobreza-al-408-por-ciento\/","title":{"rendered":"Cambiemos aument\u00f3 la pobreza al 40,8 por ciento"},"content":{"rendered":"<p>Para la Universidad Cat\u00f3lica, la pobreza afecta a 16 millones de personas, 5 millones m\u00e1s que en 2015. La indigencia casi se duplic\u00f3, de 4,5 a 8,9 por ciento en cuatro a\u00f1os. El Presidente ped\u00eda que se juzgara su tarea por la evoluci\u00f3n de este indicador. Entre los menores de 17 a\u00f1os, la pobreza lleg\u00f3 a un r\u00e9cord del 59,5 por ciento.<\/p>\n<p>La pobreza trep\u00f3 al 40,8 por ciento de la poblaci\u00f3n y afecta a 16 millones de personas. Tambi\u00e9n aument\u00f3 la indigencia, que salt\u00f3 al 8,9 por ciento de la poblaci\u00f3n, es decir, 3,6 millones de personas. En ambos casos se trata de los registros m\u00e1s altos de la d\u00e9cada, seg\u00fan se desprende del \u00faltimo informe del Observatorio de la Deuda Social de la Universidad Cat\u00f3lica Argentina (UCA), correspondiente al tercer trimestre de 2019.\u00a0Hace 4 a\u00f1os, la tasa de pobreza era del 28,5 por ciento, con 11 millones de afectados, por lo que en la gesti\u00f3n Cambiemos la pobreza se increment\u00f3 en 12 puntos porcentuales y 5 millones de personas. La disparada es mayor en el caso de la indigencia, que casi se duplic\u00f3, dado que en 2015 era del 4,5 por ciento.<\/p>\n<p>\u201cLas reiteradas devaluaciones, el aumento de la inflaci\u00f3n, el estancamiento, el aumento del desempleo y las medidas de ajuste acordadas con el FMI explican el deterioro\u201d, seg\u00fan detalla la universidad. Las cifras trascienden a 5 d\u00edas del final del gobierno de Macri, que hab\u00eda pedido que se evaluara su gesti\u00f3n por su capacidad o no de reducir la pobreza.<\/p>\n<p>La pobreza afecta con m\u00e1s intensidad en los ni\u00f1os y adolescentes de 0 a 17 a\u00f1os, ya que asciende al 59,5 por ciento de la poblaci\u00f3n. Esto es, aproximadamente 7 millones de ni\u00f1os en hogares pobres. Hace dos a\u00f1os, antes de la crisis financiera, esa cifra era del 44 por ciento. \u201cUna vez m\u00e1s, las estimaciones reflejan la persistente infantilizaci\u00f3n de la pobreza en la Argentina urbana\u201d, detalla el informe. El segundo grupo m\u00e1s afectado es el de 18 a 29 a\u00f1os, entre quienes alcanza al 41,3 por ciento, cuando hace dos a\u00f1os no llegaba al 30.<\/p>\n<p>Con respecto a la actividad diaria,\u00a0la pobreza impacta m\u00e1s en la poblaci\u00f3n de trabajadores informales, donde asciende al 66,4 por ciento. El informe destaca que despu\u00e9s de 2017 se registr\u00f3 un aumento importante en la tasa de pobreza para los segmentos de clase media no profesional, que pas\u00f3 de 4,9 a 14,2 por ciento.\u00a0En cuanto a la regi\u00f3n urbana, la cifra m\u00e1s alta se ubica en el conurbano bonaerense, donde alcanza al 51,1 por ciento. En 2017 era de 36,1 por ciento. \u201cLos ingresos de los sectores medios bajos que quedaron por debajo de los aumentos que experimentaron los precios de consumo b\u00e1sico explica el fuerte aumento de la pobreza\u201d, agrega el documento.<\/p>\n<p>En cuanto a la indigencia, la insuficiencia de ingresos para cubrir la canasta b\u00e1sica alimentaria (tasa de indigencia) se encuentra fuertemente asociada al estrato econ\u00f3mico-ocupacional del principal sost\u00e9n del hogar. La indigencia por ingresos fue m\u00e1s elevada en las unidades dom\u00e9sticas cuyo principal sost\u00e9n pertenece a la clase trabajadora informal. En estos casos, alcanza el 22,1 por ciento de la poblaci\u00f3n.<\/p>\n<p>Adem\u00e1s, la indigencia afecta con m\u00e1s intensidad a ni\u00f1os y adolescentes: mientras a nivel general alcanza al 8,9 por ciento para el tercer trimestre 2019, en el grupo de 0 a 17 a\u00f1os asciende a 14,8 por ciento. Esto es,\u00a0hay m\u00e1s de 1,5 millones de ni\u00f1os en hogares indigentes. Hace dos a\u00f1os esa cifra no alcanzaba el 10 por ciento. El segundo grupo m\u00e1s afectado es el de j\u00f3venes de 18 a 29 a\u00f1os, donde la indigencia alcanz\u00f3 el 9 por ciento. Con respecto a la regi\u00f3n, el conurbano bonaerense vuelve a ser la m\u00e1s golpeada: la indigencia alcanza el 12 por ciento, cuando hace dos a\u00f1os apenas superaba el 8 por ciento. En el extremo opuesto se encuentra la Ciudad de Buenos Aires, donde la indigencia es del 2,4 por ciento. Sin embargo, casi que se duplic\u00f3 en un a\u00f1o, ya que en el 2018 era de 1,3 por ciento.<\/p>\n<p>La Encuesta de la Deuda Social Argentina surge de un dise\u00f1o muestral probabil\u00edstico, con una muestra en 5760 hogares en grandes y medianos aglomerados urbanos. La evoluci\u00f3n de los datos muestra que los \u00faltimos \u00edndices de pobreza e indigencia son los m\u00e1s altos de toda la d\u00e9cada. El principal mecanismo de transmisi\u00f3n de este deterioro tiene diversas causas, seg\u00fan el informe. La retracci\u00f3n del mercado interno y de las capacidades productivas del sector informal tuvo un efecto regresivo en el ingreso de los hogares, por un deterioro en el poder adquisitivo de los salarios, las jubilaciones y las prestaciones sociales. Adem\u00e1s, \u201cel contexto macroecon\u00f3mico se revel\u00f3 desfavorable para la creaci\u00f3n de empleo\u201d.<\/p>\n<p>Estos graves indicadores se dan pese a que 3 de cada 10 hogares percibi\u00f3 este a\u00f1o alg\u00fan tipo de programa social.\u00a0\u201cEn un contexto de continuo deterioro de las condiciones econ\u00f3micas, se registra un incremento de hogares pobres cubiertos por pol\u00edticas asistenciales, en comparaci\u00f3n a 2018\u201d, indica el informe. De no destinarse este presupuesto, los \u00edndices ser\u00edan a\u00fan peores. De cara al traspaso de gobierno, la universidad asegura que un cambio de rumbo estructural no solo necesita inversiones e impulso a las exportaciones, sino pol\u00edticas p\u00fablicas que sean redistributivas y busquen el desarrollo hacia el mercado interno y el sector informal. \u201cLa econom\u00eda vinculada al sector externo no derrama hacia los sectores menos din\u00e1micos\u201d, enfatiza.<\/p>\n<h6>Fuente: P\u00e1gina 12<\/h6>\n","protected":false},"excerpt":{"rendered":"<p>Para la Universidad Cat\u00f3lica, la pobreza afecta a 16 millones de personas, 5 millones m\u00e1s que en 2015. La indigencia casi se duplic\u00f3, de 4,5 a 8,9 por ciento en cuatro a\u00f1os.<\/p>\n","protected":false},"author":2,"featured_media":97329,"comment_status":"closed","ping_status":"closed","sticky":false,"template":"","format":"standard","meta":{"footnotes":""},"categories":[8],"tags":[21],"class_list":["post-97328","post","type-post","status-publish","format-standard","has-post-thumbnail","hentry","category-informe-nacional","tag-argentina"],"_links":{"self":[{"href":"http:\/\/argentinamunicipal.com.ar\/argentina\/wp-json\/wp\/v2\/posts\/97328","targetHints":{"allow":["GET"]}}],"collection":[{"href":"http:\/\/argentinamunicipal.com.ar\/argentina\/wp-json\/wp\/v2\/posts"}],"about":[{"href":"http:\/\/argentinamunicipal.com.ar\/argentina\/wp-json\/wp\/v2\/types\/post"}],"author":[{"embeddable":true,"href":"http:\/\/argentinamunicipal.com.ar\/argentina\/wp-json\/wp\/v2\/users\/2"}],"replies":[{"embeddable":true,"href":"http:\/\/argentinamunicipal.com.ar\/argentina\/wp-json\/wp\/v2\/comments?post=97328"}],"version-history":[{"count":0,"href":"http:\/\/argentinamunicipal.com.ar\/argentina\/wp-json\/wp\/v2\/posts\/97328\/revisions"}],"wp:featuredmedia":[{"embeddable":true,"href":"http:\/\/argentinamunicipal.com.ar\/argentina\/wp-json\/wp\/v2\/media\/97329"}],"wp:attachment":[{"href":"http:\/\/argentinamunicipal.com.ar\/argentina\/wp-json\/wp\/v2\/media?parent=97328"}],"wp:term":[{"taxonomy":"category","embeddable":true,"href":"http:\/\/argentinamunicipal.com.ar\/argentina\/wp-json\/wp\/v2\/categories?post=97328"},{"taxonomy":"post_tag","embeddable":true,"href":"http:\/\/argentinamunicipal.com.ar\/argentina\/wp-json\/wp\/v2\/tags?post=97328"}],"curies":[{"name":"wp","href":"https:\/\/api.w.org\/{rel}","templated":true}]}}