{"id":97375,"date":"2019-12-09T06:38:19","date_gmt":"2019-12-09T09:38:19","guid":{"rendered":"http:\/\/argentinamunicipal.com.ar\/argentina\/?p=97375"},"modified":"2019-12-09T06:38:19","modified_gmt":"2019-12-09T09:38:19","slug":"un-exdirector-del-fmi-califico-como-calamitosa-a-la-gestion-de-macri","status":"publish","type":"post","link":"http:\/\/argentinamunicipal.com.ar\/argentina\/un-exdirector-del-fmi-califico-como-calamitosa-a-la-gestion-de-macri\/","title":{"rendered":"Un exdirector del FMI calific\u00f3 como \u00abcalamitosa\u00bb a la gesti\u00f3n de Macri"},"content":{"rendered":"<p>Se trata de H\u00e9ctor Torres, quien firm\u00f3 un fuerte art\u00edculo contra la gesti\u00f3n de Cambiemos en materia econ\u00f3mica.<\/p>\n<p>\u00abLa gesti\u00f3n econ\u00f3mica de Macri fue calamitosa. Pidi\u00f3 ser juzgado por su \u00e9xito en la lucha contra la pobreza y la inflaci\u00f3n, ambos aumentaron bajo su vigilancia. Su gobierno se jacta de que este a\u00f1o la cuenta corriente saldr\u00e1 de la red; pero este \u2018\u00e9xito\u2019 ha llegado al precio de una recesi\u00f3n de dos a\u00f1os y una fuerte ca\u00edda en las importaciones\u201d. Las palabras son del exdirector ejecutivo del FMI, H\u00e9ctor Torres, quien juzg\u00f3 a la gesti\u00f3n econ\u00f3mica de los cuatro a\u00f1os de Cambiemos como \u00abcalamitosa\u00bb.<\/p>\n<p>Lo hizo a trav\u00e9s de un art\u00edculo publicado en\u00a0The Financial Times\u00a0donde advirti\u00f3 el \u00abdesorden\u201d que la administraci\u00f3n de Alberto Fern\u00e1ndez recibir\u00e1 de su predecesor.<\/p>\n<p>\u201cEl 10 de diciembre Alberto Fern\u00e1ndez comenzar\u00e1 un trabajo dif\u00edcil.\u00a0Mauricio Macri logr\u00f3 lo que hace cuatro a\u00f1os parec\u00eda imposible: empeorar la horrible situaci\u00f3n econ\u00f3mica que hered\u00f3 de la nueva vicepresidenta de Fern\u00e1ndez,\u00a0Cristina Fern\u00e1ndez de Kirchner\u00bb, apunt\u00f3 tambi\u00e9n el economista.<\/p>\n<p>Seg\u00fan escribi\u00f3 H\u00e9ctor Torres, la inflaci\u00f3n, la \u00abinfraestructura p\u00fablica decadente\u201d, la \u201ccorrupci\u00f3n desenfrenada\u00bb y las \u00abpol\u00edticas inconsistentes\u201d bajo la administraci\u00f3n Macri hicieron de Argentina \u201cuna zona prohibida para los inversores\u201d.<\/p>\n<p>Seg\u00fan se\u00f1al\u00f3 tambi\u00e9n, Macri era \u201cel favorito de los mercados y asumi\u00f3 que esto ver\u00eda inundaciones de dinero en Argentina\u201d, pero \u00abla inversi\u00f3n extranjera directa se qued\u00f3 estancada en niveles similares a los observados durante la administraci\u00f3n de Fern\u00e1ndez\u00bb.<\/p>\n<p>\u00abSolo el capital financiero especulativo a corto plazo ingres\u00f3 (y sali\u00f3). Para complicar a\u00fan m\u00e1s las cosas, Macri deja el cargo con Argentina esposado a un gigantesco programa de pr\u00e9stamos del FMI\u201d, subray\u00f3.<\/p>\n<h6>Fuente: InfoNews<\/h6>\n","protected":false},"excerpt":{"rendered":"<p>Se trata de H\u00e9ctor Torres, quien firm\u00f3 un fuerte art\u00edculo contra la gesti\u00f3n de Cambiemos en materia econ\u00f3mica.<\/p>\n","protected":false},"author":2,"featured_media":97376,"comment_status":"closed","ping_status":"closed","sticky":false,"template":"","format":"standard","meta":{"footnotes":""},"categories":[8],"tags":[21],"class_list":["post-97375","post","type-post","status-publish","format-standard","has-post-thumbnail","hentry","category-informe-nacional","tag-argentina"],"_links":{"self":[{"href":"http:\/\/argentinamunicipal.com.ar\/argentina\/wp-json\/wp\/v2\/posts\/97375","targetHints":{"allow":["GET"]}}],"collection":[{"href":"http:\/\/argentinamunicipal.com.ar\/argentina\/wp-json\/wp\/v2\/posts"}],"about":[{"href":"http:\/\/argentinamunicipal.com.ar\/argentina\/wp-json\/wp\/v2\/types\/post"}],"author":[{"embeddable":true,"href":"http:\/\/argentinamunicipal.com.ar\/argentina\/wp-json\/wp\/v2\/users\/2"}],"replies":[{"embeddable":true,"href":"http:\/\/argentinamunicipal.com.ar\/argentina\/wp-json\/wp\/v2\/comments?post=97375"}],"version-history":[{"count":0,"href":"http:\/\/argentinamunicipal.com.ar\/argentina\/wp-json\/wp\/v2\/posts\/97375\/revisions"}],"wp:featuredmedia":[{"embeddable":true,"href":"http:\/\/argentinamunicipal.com.ar\/argentina\/wp-json\/wp\/v2\/media\/97376"}],"wp:attachment":[{"href":"http:\/\/argentinamunicipal.com.ar\/argentina\/wp-json\/wp\/v2\/media?parent=97375"}],"wp:term":[{"taxonomy":"category","embeddable":true,"href":"http:\/\/argentinamunicipal.com.ar\/argentina\/wp-json\/wp\/v2\/categories?post=97375"},{"taxonomy":"post_tag","embeddable":true,"href":"http:\/\/argentinamunicipal.com.ar\/argentina\/wp-json\/wp\/v2\/tags?post=97375"}],"curies":[{"name":"wp","href":"https:\/\/api.w.org\/{rel}","templated":true}]}}