{"id":97396,"date":"2019-12-09T07:07:24","date_gmt":"2019-12-09T10:07:24","guid":{"rendered":"http:\/\/argentinamunicipal.com.ar\/argentina\/?p=97396"},"modified":"2019-12-09T07:07:24","modified_gmt":"2019-12-09T10:07:24","slug":"la-tarea","status":"publish","type":"post","link":"http:\/\/argentinamunicipal.com.ar\/argentina\/la-tarea\/","title":{"rendered":"La tarea"},"content":{"rendered":"<p>Se gan\u00f3 una elecci\u00f3n crucial y aqu\u00ed estamos. Alberto y Cristina saben mejor que nadie lo que cost\u00f3 alcanzar este potente triunfo electoral, de enorme trascendencia para el futuro de nuestra Patria. Hay que celebrarlo ma\u00f1ana y hacer que nuestra alegr\u00eda vibre en todas las calles y plazas de la rep\u00fablica.<\/p>\n<p>Pero a conciencia de que esto reci\u00e9n empieza, ojo, y de que ellos dos no podr\u00e1n solos, puesto que es gigantesco el trabajo por hacer y adem\u00e1s ser\u00e1 dur\u00edsimo, una verdadera epopeya contra el odio instalado estos a\u00f1os.<\/p>\n<p>Por eso es gigantesca, cicl\u00f3pea la tarea. Exige serenidad, inteligencia, honradez, constancia y firmeza, por lo menos y todo junto, y nom\u00e1s para arrancar. Porque hay demasiado que hacer y todo es urgente, y los tradicionales cien d\u00edas de chang\u00fc\u00ed gubernamental en este caso ser\u00e1n nada.<\/p>\n<p>El nuevo gobierno tendr\u00e1 que enfrentar todos juntos y en mal\u00f3n los innumerables problemas que sacuden hoy al pa\u00eds. Por eso, conjetura esta columna, quiz\u00e1s hubiese sido conveniente acelerar la sucesi\u00f3n. Cierto que estos meses de espera permitieron el armado del plausible gabinete anunciado, pero tambi\u00e9n sirvieron para que el gobierno saliente profundizara el desastre e incentivara a miles de odiadores acicateados por mentimedios y telebasura. El pasado 27 de octubre algunos pensamos que renunciar e irse deb\u00eda ser una contribuci\u00f3n a la reconstrucci\u00f3n y a la paz social. Pero eso no sucedi\u00f3 porque nadie \u2013ni esta columna\u2013 lo plante\u00f3.<\/p>\n<p>Como sea,\u00a0la tarea adquiere ahora una dimensi\u00f3n \u00e9pica. Que sin dudas este gabinete conoce, y la prueba est\u00e1 en la prudencia y firmeza con que todos\/as cuidan la unidad, que est\u00e1 al tope de sus preocupaciones, junto con la certeza de que todo lo que viene es inmediato y es urgente.<\/p>\n<p>Por eso\u00a0entusiasma la decisi\u00f3n de lucha prioritaria contra el hambre, con recuperaci\u00f3n del mercado interno e iniciando el arduo camino de la equidad social a partir de fortalecer y expandir nuestra moneda, lo que demuestra conciencia de que del desastre econ\u00f3mico se sale con decisiones pol\u00edticas.<\/p>\n<p>Es pensable un cuestionamiento de la deuda, adem\u00e1s, ya que el macrismo est\u00e1 muy flojo de papeles. Se conoce que de tan soberbios y torpes, y por exceso de confianza de la Sra. Lagarde, los acuerdos con el FMI son irregulares y contrarios a las leyes, puesto que no pasaron por el Parlamento. Seguramente esto ser\u00e1 bien ponderado antes de pagar un centavo de esa deuda inmoral que \u2013siempre tenerlo presente\u2013 no contrajimos los 45 millones de argentinos. Cierto entonces que hay que renegociar, pero el mayor peso de esa deuda maldita deber\u00eda caer sobre quienes la contrajeron y luego fugaron fondos. \u00a1Qu\u00e9 ejemplo magn\u00edfico de moral social ser\u00eda que por una vez los timadores sufrieran las consecuencias y no las pr\u00f3ximas generaciones!<\/p>\n<p>En el plano interno, como ya se ha anunciado, todas son buenas noticias: recuperar la salud p\u00fablica; restaurar la educaci\u00f3n p\u00fablica gratuita, obligatoria y laica en los t\u00e9rminos de la Ley Nacional de Educaci\u00f3n, a la vez reordenando los subsidios a la educaci\u00f3n privada, que debe recuperar su rol auxiliar. Y\u00a0es urgente discutir y sancionar en todos los \u00e1mbitos leyes fundamentales: de Educaci\u00f3n Superior; de Entidades Financieras; de cumplimiento irrestricto de la Ley de Bosques y una larga lista de temas puntuales y urgentes que se titulan velozmente ferrocarriles, puertos y astilleros para volver a tener una flota mar\u00edtima propia para el comercio exterior y la industria pesquera.<\/p>\n<p>Y buena ser\u00eda tambi\u00e9n una\u00a0ley de preservaci\u00f3n del patrimonio p\u00fablico, para que todas las propiedades del Estado nacional y de las provincias sean inenajenables por los pr\u00f3ximos 50 a\u00f1os, lo que adem\u00e1s de acabar con la timba inmobiliaria de las autoridades de la CABA reafirmar\u00e1 la memoria de las pr\u00f3ximas generaciones, que necesitamos tanto como recuperar y fortalecer el sistema de Clubes de Barrio, que juegan un papel esencial en la educaci\u00f3n, el deporte y la paz, y se supone son m\u00e1s de 8.000 en todo el pa\u00eds, todos golpeados por el neoliberalismo. Y es de esperar que en el pr\u00f3ximo censo nacional reciban atenci\u00f3n temas esenciales como alfabetizaci\u00f3n, lectura, vacunaciones y otras materias sobre las que la sociedad deber\u00eda ser invitada a proponer.<\/p>\n<p>Tambi\u00e9n hay mucho que hacer en materia agropecuaria, en primer lugar terminar con la ficci\u00f3n de que \u00abel campo es de todos\u00bb o \u00abel campo somos todos\u00bb, organizando un grande y verdadero catastro nacional que permita saber exactamente qui\u00e9nes son los due\u00f1os de la tierra en la Argentina y de cu\u00e1nta extensi\u00f3n, a fin de limitar los latifundios y por lo menos hacer que paguen impuestos. Pol\u00edtica agraria que deber\u00eda adem\u00e1s reordenar arrendamientos, favorecer el arraigo y recuperar la chacra mixta como guardiana ambiental.<\/p>\n<p>Y quede para el final la puesta en marcha, de una buena vez, de una\u00a0Pol\u00edtica de Transparencia\u00a0como jam\u00e1s tuvimos. No digo leyes anticorrupci\u00f3n, que s\u00f3lo sirven para solaz de mentimedios y telebasura. Hablo de pol\u00edticas de transparencia a largo plazo, como las que desde hace 17 a\u00f1os propone El Manifiesto Argentino y que consiste en una sistem\u00e1tica Educaci\u00f3n Moral C\u00edvica, que no se reduce a leyes duras sino que pone el acento en una pol\u00edtica educativa pensada para cuatro o cinco generaciones.<\/p>\n<p>Macri se va ma\u00f1ana. Genial, lo conseguimos.\u00a0Pero la mentalidad que lo hizo Presidente se queda. Apoyada en el odio al pobre, al negro y al indio, esa est\u00fapida necedad permanece, toda veneno y resentimiento.<\/p>\n<p>Por eso desde ma\u00f1ana bien har\u00edamos en acompa\u00f1ar y cuidar la inteligencia, sensatez, sobriedad, prudencia y tambi\u00e9n astucia que hemos votado, sin caer en provocaciones ni por derecha ni por izquierda. Esa me parece que es la tarea.<\/p>\n<p>Por\u00a0Mempo Giardinelli<\/p>\n<h6>Fuente: P\u00e1gina 12<\/h6>\n","protected":false},"excerpt":{"rendered":"<p>Se gan\u00f3 una elecci\u00f3n crucial y aqu\u00ed estamos. Alberto y Cristina saben mejor que nadie lo que cost\u00f3 alcanzar este potente triunfo electoral, de enorme trascendencia para el futuro de nuestra Patria.<\/p>\n","protected":false},"author":2,"featured_media":97397,"comment_status":"closed","ping_status":"closed","sticky":false,"template":"","format":"standard","meta":{"footnotes":""},"categories":[6],"tags":[21],"class_list":["post-97396","post","type-post","status-publish","format-standard","has-post-thumbnail","hentry","category-opiniones","tag-argentina"],"_links":{"self":[{"href":"http:\/\/argentinamunicipal.com.ar\/argentina\/wp-json\/wp\/v2\/posts\/97396","targetHints":{"allow":["GET"]}}],"collection":[{"href":"http:\/\/argentinamunicipal.com.ar\/argentina\/wp-json\/wp\/v2\/posts"}],"about":[{"href":"http:\/\/argentinamunicipal.com.ar\/argentina\/wp-json\/wp\/v2\/types\/post"}],"author":[{"embeddable":true,"href":"http:\/\/argentinamunicipal.com.ar\/argentina\/wp-json\/wp\/v2\/users\/2"}],"replies":[{"embeddable":true,"href":"http:\/\/argentinamunicipal.com.ar\/argentina\/wp-json\/wp\/v2\/comments?post=97396"}],"version-history":[{"count":0,"href":"http:\/\/argentinamunicipal.com.ar\/argentina\/wp-json\/wp\/v2\/posts\/97396\/revisions"}],"wp:featuredmedia":[{"embeddable":true,"href":"http:\/\/argentinamunicipal.com.ar\/argentina\/wp-json\/wp\/v2\/media\/97397"}],"wp:attachment":[{"href":"http:\/\/argentinamunicipal.com.ar\/argentina\/wp-json\/wp\/v2\/media?parent=97396"}],"wp:term":[{"taxonomy":"category","embeddable":true,"href":"http:\/\/argentinamunicipal.com.ar\/argentina\/wp-json\/wp\/v2\/categories?post=97396"},{"taxonomy":"post_tag","embeddable":true,"href":"http:\/\/argentinamunicipal.com.ar\/argentina\/wp-json\/wp\/v2\/tags?post=97396"}],"curies":[{"name":"wp","href":"https:\/\/api.w.org\/{rel}","templated":true}]}}