{"id":97445,"date":"2019-12-10T06:51:28","date_gmt":"2019-12-10T09:51:28","guid":{"rendered":"http:\/\/argentinamunicipal.com.ar\/argentina\/?p=97445"},"modified":"2019-12-10T06:51:28","modified_gmt":"2019-12-10T09:51:28","slug":"el-gabinete-de-axel-kicillof-salio-a-la-cancha","status":"publish","type":"post","link":"http:\/\/argentinamunicipal.com.ar\/argentina\/el-gabinete-de-axel-kicillof-salio-a-la-cancha\/","title":{"rendered":"El Gabinete de Axel Kicillof sali\u00f3 a la cancha"},"content":{"rendered":"<p>Sus colaboradores m\u00e1s cercanos est\u00e1n en puestos clave: Costa, Thea, Bianco y L\u00f3pez. Teresa Garc\u00eda ir\u00e1 a Gobierno. El regreso de\u00a0 Alak a Justicia y de Berni a Seguridad.<\/p>\n<p>En un encuentro con m\u00e1s de medio centenar de intendentes peronistas, el futuro gobernador bonaerense Axel Kicillof revel\u00f3 los nombres de su gabinete. Un equipo de trabajo que mezcla al entorn\u00f3 m\u00e1s \u00edntimo de su etapa universitaria con profesionales que promedian los 40 a\u00f1os y un n\u00facleo de mayor edad con amplia experiencia en la gesti\u00f3n p\u00fablica. En el primer grupo llegan Carlos \u201cCarli\u201d Bianco como jefe de Gabinete; Augusto Costa como ministro de Producci\u00f3n, Ciencia e Innovaci\u00f3n Tecnol\u00f3gica; Federico Thea en la Secretar\u00eda General, Pablo L\u00f3pez en Hacienda; y Juan Cuattromo quedar\u00e1 al frente del Banco Provincia, entre otros. En el segundo figuran Teresa Garc\u00eda, la senadora provincial y su armadora pol\u00edtica, que ocupar\u00e1 el Ministerio de Gobierno y ser\u00e1 el nexo con los jefes comunales; la sorpresa fue la designaci\u00f3n de Julio Alak como ministro de Justicia y Derechos Humanos; y Sergio Berni en Seguridad. \u201cEs una situaci\u00f3n muy compleja, una situaci\u00f3n de emergencia\u201d, repiti\u00f3 Kicillof sobre los recursos econ\u00f3micos de la provincia ante intendentes y periodistas y ser\u00e1 parte de su discurso de asunci\u00f3n el 11 de diciembre. Tambi\u00e9n advirti\u00f3 sobre la huelga de hambre en las c\u00e1rceles bonaerenses ante la falta de comida; al tiempo que volvi\u00f3 a reclamarle a la saliente Mar\u00eda Eugenia Vidal \u201cque se ocupe de solucionarlo\u201d (ver parte).<\/p>\n<p>Kicillof hizo el anuncio y present\u00f3 su futuro gabinete ante un numeroso grupo de jefes comunales peronistas en un sal\u00f3n del barrio El Jaguel de Esteban Echeverr\u00eda. De 17 cargos clave, entre ministerios, Bapro y Arba, 12 estar\u00e1n en manos de hombres y mujeres que compartieron la vida acad\u00e9mica y pol\u00edtica del gobernador de Buenos Aires. Un grupo de profesionales y cuadros t\u00e9cnicos con anclaje pol\u00edtico.<\/p>\n<p>Bianco (43 a\u00f1os), licenciado en comercio internacional y doctorado en desarrollo econ\u00f3mico de la Universidad Nacional de Quilmes \u2013adem\u00e1s de due\u00f1o del Clio con el recorri\u00f3 junto a Axel toda la provincia&#8211;, ser\u00e1 el Jefe de Gabinete. Thea (36), abogado de la UBA y actual rector de la Universidad Nacional de Jos\u00e9 C. Paz estar\u00e1 a cargo de la Secretar\u00eda General, que absorbe Legal y T\u00e9cnica. Ambos ocuparon cargo en el gobierno nacional durante el \u00faltimo mandato de CFK.<\/p>\n<p>Los temas econ\u00f3micos estar\u00e1n en manos de quienes acompa\u00f1aron a Kicillof durante su gesti\u00f3n como ministro de Cristina. L\u00f3pez (42), licenciado en Econom\u00eda y doctorado en Ciencias Sociales (UBA) y secretario de Finanzas de la Naci\u00f3n, ser\u00e1 el ministro de Hacienda. Costa (44) licenciado en Econom\u00eda y ex secretario de Comercio de la Naci\u00f3n, tendr\u00e1 a cargo el ministerio de Producci\u00f3n, Ciencia e Innovaci\u00f3n Tecnol\u00f3gica; pero que no incluir\u00e1 Agricultura. El nuevo Ministerio de Desarrollo Agrario estar\u00e1 conducido por Javier Rodr\u00edguez (48), licencia y doctor en Econom\u00eda (UBA). Mientras que Agust\u00edn Simone (41), licenciado en administraci\u00f3n (UBA), ocupar\u00e1 la cartera de Infraestructura y Servicios P\u00fablicos.<\/p>\n<p>Tambi\u00e9n hay un numeroso grupo de mujeres en otros ministerios. Agustina Vila (39), licenciada en ciencias pol\u00edticas (UBA), estar\u00e1 al frente de la Direcci\u00f3n General de Cultura y Educaci\u00f3n. Mara Ru\u00edz Malec, licenciada en Econom\u00eda (UBA) e investigadora en el Instituto de Trabajo y Econom\u00eda de la Fundaci\u00f3n Germ\u00e1n Abdala, ser\u00e1 la ministra de Trabajo. La diputada Mar\u00eda Fernanda Raverta (43), licenciada en servicio social (UNMDP) se har\u00e1 cargo del Ministerio de Desarrollo de la Comunidad. Su vocera, J\u00e9sica Rey (38), profesora de la carrera de Comunicaci\u00f3n de UNLP, que lo acompa\u00f1a desde su gesti\u00f3n en el Ministerio de Econom\u00eda de la Naci\u00f3n, pasar\u00e1 a ocupar el ahora Ministerio de Comunicaci\u00f3n P\u00fablica.<\/p>\n<p>Entre las mujeres, Teresa Garc\u00eda (63) tendr\u00e1 a cargo el Ministerio de Gobierno. La experimentada senadora provincial, ex diputada nacional y ex secretaria parlamentaria del FpV, se har\u00e1 cargo de la cartera apol\u00edtica por excelencia y de la relaci\u00f3n con los jefes comunales.\u00a0Estela D\u00edaz (56), secretaria de G\u00e9nero de la CTA y docente en la Facultad de Periodismo de La Plata, estar\u00e1 al frente del Ministerio de la Mujeres, Pol\u00edticas de G\u00e9nero y Diversidad Sexual.<\/p>\n<p>Quiz\u00e1s\u00a0la mayor sorpresa la produjo el nombramiento del ex Ministro de Justicia de la Naci\u00f3n, Julio Alak (61 y abogado de UNLP) al frente de la misma cartera, pero en la provincia. Otro experimentado,\u00a0Sergio Berni (57, m\u00e9dico y abogado de la UBA) se har\u00e1 cargo del complejo Ministerio de Seguridad. Lo mismo que Daniel Goll\u00e1n (64 y m\u00e9dico de la UNR), estar\u00e1 al frente del Ministerio de Salud, igual que en los \u00faltimos meses de la presidencia de CFK.<\/p>\n<p>Kicillof tambi\u00e9n ocup\u00f3 otros casilleros econ\u00f3micos con quienes acompa\u00f1aron su gesti\u00f3n nacional. Juan Cuattromo (36), licenciado con maestr\u00eda en Econom\u00eda (UBA) y ex director del BCRA, ser\u00e1 el director del Banco Provincia. Mientras que Cristian Girard (38), tambi\u00e9n licenciado en econom\u00eda (UBA) y con maestr\u00eda en econom\u00eda pol\u00edtica (Flacso), ser\u00e1 el Director Ejecutivo de la agencia provincial de recaudaci\u00f3n Arba.<\/p>\n<p>Una situaci\u00f3n de emergencia<br \/>\n\u201cHemos realizado un trabajo excelente como Frente de Todos. Primero como frente social y pol\u00edtico, luego como frente electoral y ahora frente de gobierno\u201d, respondi\u00f3 Axel Kicillof cuando lo consultaron el porqu\u00e9 del anunci\u00f3 ante los intendentes. A ellos tambi\u00e9n les adelant\u00f3 lo que repiti\u00f3 ante los periodistas: \u201cTenemos una situaci\u00f3n muy compleja, una situaci\u00f3n de emergencia\u201d, sostuvo el gobernador electo sobre la escasez de recursos econ\u00f3micos en la provincia. \u201cLos recursos son insuficientes, no alcanzan para el funcionamiento propio de la provincia\u201d, asegur\u00f3. \u201cNo se trata de economizar, sino de empezar a resolverlo\u201d, les dijo Kicillof a los periodistas y agreg\u00f3: \u201ctampoco de echar culpas sino generar soluciones. Pero quiero dejar con claridad cu\u00e1l es el punto de partida\u201d.<\/p>\n<h6>Fuente: P\u00e1gina 12<\/h6>\n","protected":false},"excerpt":{"rendered":"<p>Sus colaboradores m\u00e1s cercanos est\u00e1n en puestos clave: Costa, Thea, Bianco y L\u00f3pez. Teresa Garc\u00eda ir\u00e1 a Gobierno. El regreso de\u00a0 Alak a Justicia y de Berni a Seguridad.\u00a0<\/p>\n","protected":false},"author":2,"featured_media":97446,"comment_status":"closed","ping_status":"closed","sticky":false,"template":"","format":"standard","meta":{"footnotes":""},"categories":[65],"tags":[12],"class_list":["post-97445","post","type-post","status-publish","format-standard","has-post-thumbnail","hentry","category-provincias","tag-buenos-aires"],"_links":{"self":[{"href":"http:\/\/argentinamunicipal.com.ar\/argentina\/wp-json\/wp\/v2\/posts\/97445","targetHints":{"allow":["GET"]}}],"collection":[{"href":"http:\/\/argentinamunicipal.com.ar\/argentina\/wp-json\/wp\/v2\/posts"}],"about":[{"href":"http:\/\/argentinamunicipal.com.ar\/argentina\/wp-json\/wp\/v2\/types\/post"}],"author":[{"embeddable":true,"href":"http:\/\/argentinamunicipal.com.ar\/argentina\/wp-json\/wp\/v2\/users\/2"}],"replies":[{"embeddable":true,"href":"http:\/\/argentinamunicipal.com.ar\/argentina\/wp-json\/wp\/v2\/comments?post=97445"}],"version-history":[{"count":0,"href":"http:\/\/argentinamunicipal.com.ar\/argentina\/wp-json\/wp\/v2\/posts\/97445\/revisions"}],"wp:featuredmedia":[{"embeddable":true,"href":"http:\/\/argentinamunicipal.com.ar\/argentina\/wp-json\/wp\/v2\/media\/97446"}],"wp:attachment":[{"href":"http:\/\/argentinamunicipal.com.ar\/argentina\/wp-json\/wp\/v2\/media?parent=97445"}],"wp:term":[{"taxonomy":"category","embeddable":true,"href":"http:\/\/argentinamunicipal.com.ar\/argentina\/wp-json\/wp\/v2\/categories?post=97445"},{"taxonomy":"post_tag","embeddable":true,"href":"http:\/\/argentinamunicipal.com.ar\/argentina\/wp-json\/wp\/v2\/tags?post=97445"}],"curies":[{"name":"wp","href":"https:\/\/api.w.org\/{rel}","templated":true}]}}