{"id":97463,"date":"2019-12-10T06:13:29","date_gmt":"2019-12-10T09:13:29","guid":{"rendered":"http:\/\/argentinamunicipal.com.ar\/argentina\/?p=97463"},"modified":"2019-12-10T07:15:14","modified_gmt":"2019-12-10T10:15:14","slug":"97463-2","status":"publish","type":"post","link":"http:\/\/argentinamunicipal.com.ar\/argentina\/97463-2\/","title":{"rendered":"Untitled"},"content":{"rendered":"<p>\u00abLo que exigimos es que nos paguen los seis meses que nos deben\u00bb, explic\u00f3 hoy el titular del la Asociaci\u00f3n de Transportistas para Personas con Discapacidad (Atraes), Pablo Bolego quien anunci\u00f3 la suspensi\u00f3n de las prestaciones a 3 mil usuarios.<\/p>\n<p>As\u00ed y tras meses de reclamos, los transportistas que llevan adelante los traslados de personas con discapacidad en la provincia de Santa Fe decidieron cortar los servicios debido al atraso de seis meses en el pago de las prestaciones.<\/p>\n<p>\u00abEn una asamblea que hicimos el 6 de diciembre, familiares y afectados decidimos llevar adelante estas acciones para visibilizar la situaci\u00f3n y las necesidades que no se est\u00e1n pudiendo cumplir\u00bb, expres\u00f3 Bolego.<\/p>\n<p>\u00abEs una situaci\u00f3n muy grave porque son personas con discapacidad que necesitan de nuestros servicios para asistir a lugares de rehabilitaci\u00f3n, centros de d\u00eda, es una situaci\u00f3n muy compleja, muy grave, y a partir de hoy qued\u00f3 suspendido el servicio, porque son seis meses de deuda\u00bb, explic\u00f3.<\/p>\n<p>\u00abEstamos hablando de 14 millones de pesos por mes, con seis meses de deuda, es muy complejo en medio de este proceso de inflaci\u00f3n, seguimos adelante porque recib\u00edamos aportes de obras sociales, pero no se puede m\u00e1s\u00bb, lament\u00f3.<\/p>\n<h6>Fuente: La Capital<\/h6>\n","protected":false},"excerpt":{"rendered":"<p>\u00abLo que exigimos es que nos paguen los seis meses que nos deben\u00bb, explic\u00f3 hoy el titular del la Asociaci\u00f3n de Transportistas para Personas con Discapacidad (Atraes), Pablo Bolego quien anunci\u00f3 la suspensi\u00f3n de las prestaciones a 3 mil usuarios.<\/p>\n","protected":false},"author":2,"featured_media":97464,"comment_status":"closed","ping_status":"closed","sticky":false,"template":"","format":"standard","meta":{"footnotes":""},"categories":[2],"tags":[10],"class_list":["post-97463","post","type-post","status-publish","format-standard","has-post-thumbnail","hentry","category-informe-municipal","tag-santa-fe"],"_links":{"self":[{"href":"http:\/\/argentinamunicipal.com.ar\/argentina\/wp-json\/wp\/v2\/posts\/97463","targetHints":{"allow":["GET"]}}],"collection":[{"href":"http:\/\/argentinamunicipal.com.ar\/argentina\/wp-json\/wp\/v2\/posts"}],"about":[{"href":"http:\/\/argentinamunicipal.com.ar\/argentina\/wp-json\/wp\/v2\/types\/post"}],"author":[{"embeddable":true,"href":"http:\/\/argentinamunicipal.com.ar\/argentina\/wp-json\/wp\/v2\/users\/2"}],"replies":[{"embeddable":true,"href":"http:\/\/argentinamunicipal.com.ar\/argentina\/wp-json\/wp\/v2\/comments?post=97463"}],"version-history":[{"count":0,"href":"http:\/\/argentinamunicipal.com.ar\/argentina\/wp-json\/wp\/v2\/posts\/97463\/revisions"}],"wp:featuredmedia":[{"embeddable":true,"href":"http:\/\/argentinamunicipal.com.ar\/argentina\/wp-json\/wp\/v2\/media\/97464"}],"wp:attachment":[{"href":"http:\/\/argentinamunicipal.com.ar\/argentina\/wp-json\/wp\/v2\/media?parent=97463"}],"wp:term":[{"taxonomy":"category","embeddable":true,"href":"http:\/\/argentinamunicipal.com.ar\/argentina\/wp-json\/wp\/v2\/categories?post=97463"},{"taxonomy":"post_tag","embeddable":true,"href":"http:\/\/argentinamunicipal.com.ar\/argentina\/wp-json\/wp\/v2\/tags?post=97463"}],"curies":[{"name":"wp","href":"https:\/\/api.w.org\/{rel}","templated":true}]}}