{"id":97504,"date":"2019-12-19T07:01:48","date_gmt":"2019-12-19T10:01:48","guid":{"rendered":"http:\/\/argentinamunicipal.com.ar\/argentina\/?p=97504"},"modified":"2019-12-20T06:20:29","modified_gmt":"2019-12-20T09:20:29","slug":"la-tarjeta-alimentaria-arranco-en-concordia","status":"publish","type":"post","link":"http:\/\/argentinamunicipal.com.ar\/argentina\/la-tarjeta-alimentaria-arranco-en-concordia\/","title":{"rendered":"La tarjeta alimentaria arranc\u00f3 en Concordia"},"content":{"rendered":"<p>Las tarjetas ser\u00e1n entregadas hasta el viernes en la ciudad entrerriana y luego seguir\u00e1 un cronograma de reparto en el resto del pa\u00eds. Tienen una carga mensual de 4 mil o 6 mil pesos, seg\u00fan la cantidad de hijos, para comprar alimentos en supermercados y almacenes.<\/p>\n<p>El plan Argentina contra el Hambre comenz\u00f3 a implementarse en Concordia, la localidad elegida por el gobierno para arrancar con la distribuci\u00f3n de la tarjeta alimentaria. Esta ma\u00f1ana, en el centro de convenciones de la ciudad, comenzaron a ser distribuidas las 7500 tarjetas asignadas a las madres del distrito que re\u00fanen una doble condici\u00f3n, ser beneficiarias de la AUH y tener hijos menores de 6 a\u00f1os.\u00a0Las tarjetas ser\u00e1n entregadas hasta el viernes en esta localidad, luego seguir\u00e1 un cronograma de reparto en el resto del pa\u00eds. Tienen una carga mensual de 4 mil o 6 mil pesos, seg\u00fan la cantidad de hijos,\u00a0y est\u00e1 destinada a comprar alimentos en supermercados y almacenes.<\/p>\n<p>El intendente Enrique Cresto explic\u00f3 que la convocatoria se est\u00e1 realizando de manera alfab\u00e9tica, hoy para los apellidos de la A a la F. \u201cEs dinero que va a ir directamente a los almacenes y comercios de Concordia. Esto tiene un gran sentido federal, porque antes ped\u00edamos alimentos a Desarrollo Social y mandaban un cami\u00f3n con mercader\u00eda. En este sentido, Alberto Fern\u00e1ndez entendi\u00f3 que ciudades como la nuestra necesitan de acompa\u00f1amiento en la reconstrucci\u00f3n de la Argentina\u201d, se\u00f1al\u00f3. El uso de la tarjeta introducir\u00e1 en los comercios locales 35 millones de pesos por mes.<\/p>\n<p>En el predio donde las familias fueron a buscar la tarjeta hubo largas colas. Para explicar su implementaci\u00f3n, funcionarios nacionales y de la provincia gobernada por Gustavo Bordet (Frente de Todos), se reunieron el martes con los principales referentes de las organizaciones sociales. Mauro Rossi, alba\u00f1il y titular de la CTEP-Entre R\u00edos, cont\u00f3 que en la reuni\u00f3n los movimientos pidieron ser incorporados como proveedores de alimentos, \u201cpara que la tarjeta esa usada no s\u00f3lo en los supermercados, sino tambi\u00e9n en panader\u00edas y cooperativas de producci\u00f3n, que generen empleo\u201d. Para ir resolviendo esta demanda, se crear\u00e1 en la ciudad un Consejo local del Plan Argentina Trabaja.<\/p>\n<p>La tarjeta iba a ser lanzada en febrero, pero la gravedad de la crisis determin\u00f3 al gobierno a adelantar su puesta en marcha.\u00a0Esto va a generar que muchas \u00e1reas del Estado vayan completando su implementaci\u00f3n sobre la marcha.\u00a0En el caso de las organizaciones sociales que est\u00e1n trabajando en la producci\u00f3n de alimentos, muchas se encuentran con el problema de carecer de matr\u00edcula cooperativa, se\u00f1al\u00f3 Rossi, porque en la gesti\u00f3n macrista la perdieron o no pudieron tramitarla. Su apuesta es crecer en escala, lo que les est\u00e1 vedado en la medida en que no puedan vender su producci\u00f3n.<\/p>\n<p>En el ministerio de Desarrollo Social informaron que la tarjeta es otorgada de manera autom\u00e1tica a todas las personas que reciben la AUH y tienen hijos menores de 6 a\u00f1os, a embarazadas que perciben la AUH -a partir de los 3 meses de gestaci\u00f3n- y personas con discapacidad con AUH.\u00a0La Anses notifica a quien est\u00e1 en condiciones de retirar su tarjeta v\u00eda telef\u00f3nica o por SMS.\u00a0La tarjeta no suplanta ninguna de las pol\u00edticas vigentes ni reemplaza la Asignaci\u00f3n Universal por Hijo.<\/p>\n<p>Concordia tiene, seg\u00fan el \u00faltimo relevamiento del Indec, un 52,9 por ciento de pobreza y un 15,4 por ciento de indigencia. El intendente cont\u00f3 que un porcentaje muy alto de la poblaci\u00f3n vive de trabajos como la zafra y la actividad forestal, actividades que son mal pagas y de condici\u00f3n precaria. Agreg\u00f3 que al no ser una capital de provincia, la ciudad tiene menos empleo estatal, que en \u00e9pocas de crisis del empleo formal funciona como un estabilizador de los ingresos.<\/p>\n<p>Cresto record\u00f3 que en 2003 Concordia lleg\u00f3 a tener un 72 por ciento de pobreza. \u201cLuego del ciclo de recuperaci\u00f3n iniciado en 2003, en 2013 la medici\u00f3n del Indec encontr\u00f3 un 5 por ciento de pobreza y una desocupaci\u00f3n del 3 por ciento\u201d. Ahora, agreg\u00f3, la ciudad tiene \u201cun 10 por ciento de desocupaci\u00f3n y 50 por ciento de pobres que trabajan pero no tienen ingresos\u00bb para acceder a una canasta b\u00e1sica, \u00abporque trabajan en la zafra, o en la madera. Cuando hay reactivaci\u00f3n econ\u00f3mica ciudades como Concordia tienen una buena recuperaci\u00f3n, pero en \u00e9pocas de recesi\u00f3n econ\u00f3mica son las m\u00e1s afectadas. Son ciudades donde llega mucha gente a buscar trabajo cuando el pa\u00eds crece; cuando la econom\u00eda se para, la ciudad deja de tener actividad y las familias quedan ac\u00e1\u201d.<\/p>\n<h6>Fuente: P\u00e1gina 12<\/h6>\n","protected":false},"excerpt":{"rendered":"<p>Las tarjetas ser\u00e1n entregadas hasta el viernes en la ciudad entrerriana y luego seguir\u00e1 un cronograma de reparto en el resto del pa\u00eds.<\/p>\n","protected":false},"author":2,"featured_media":97567,"comment_status":"closed","ping_status":"closed","sticky":false,"template":"","format":"standard","meta":{"footnotes":""},"categories":[2],"tags":[17],"class_list":["post-97504","post","type-post","status-publish","format-standard","has-post-thumbnail","hentry","category-informe-municipal","tag-entre-rios"],"_links":{"self":[{"href":"http:\/\/argentinamunicipal.com.ar\/argentina\/wp-json\/wp\/v2\/posts\/97504","targetHints":{"allow":["GET"]}}],"collection":[{"href":"http:\/\/argentinamunicipal.com.ar\/argentina\/wp-json\/wp\/v2\/posts"}],"about":[{"href":"http:\/\/argentinamunicipal.com.ar\/argentina\/wp-json\/wp\/v2\/types\/post"}],"author":[{"embeddable":true,"href":"http:\/\/argentinamunicipal.com.ar\/argentina\/wp-json\/wp\/v2\/users\/2"}],"replies":[{"embeddable":true,"href":"http:\/\/argentinamunicipal.com.ar\/argentina\/wp-json\/wp\/v2\/comments?post=97504"}],"version-history":[{"count":0,"href":"http:\/\/argentinamunicipal.com.ar\/argentina\/wp-json\/wp\/v2\/posts\/97504\/revisions"}],"wp:featuredmedia":[{"embeddable":true,"href":"http:\/\/argentinamunicipal.com.ar\/argentina\/wp-json\/wp\/v2\/media\/97567"}],"wp:attachment":[{"href":"http:\/\/argentinamunicipal.com.ar\/argentina\/wp-json\/wp\/v2\/media?parent=97504"}],"wp:term":[{"taxonomy":"category","embeddable":true,"href":"http:\/\/argentinamunicipal.com.ar\/argentina\/wp-json\/wp\/v2\/categories?post=97504"},{"taxonomy":"post_tag","embeddable":true,"href":"http:\/\/argentinamunicipal.com.ar\/argentina\/wp-json\/wp\/v2\/tags?post=97504"}],"curies":[{"name":"wp","href":"https:\/\/api.w.org\/{rel}","templated":true}]}}