{"id":97507,"date":"2019-12-19T07:04:15","date_gmt":"2019-12-19T10:04:15","guid":{"rendered":"http:\/\/argentinamunicipal.com.ar\/argentina\/?p=97507"},"modified":"2019-12-19T07:04:15","modified_gmt":"2019-12-19T10:04:15","slug":"amparo-para-frenar-los-desalojos-en-la-boca","status":"publish","type":"post","link":"http:\/\/argentinamunicipal.com.ar\/argentina\/amparo-para-frenar-los-desalojos-en-la-boca\/","title":{"rendered":"Amparo para frenar los desalojos en La Boca"},"content":{"rendered":"<p>Vecinos y organizaciones sociales del barrio, patrocinados por el defensor oficial Ramiro Dos Santos Freire, presentaron un recurso colectivo.<\/p>\n<p>La Boca tiene decretada la emergencia ambiental y urban\u00edstica\u00a0en lo que hace a la vivienda, servicios, equipamiento, espacios verdes y actividades productivas desde el a\u00f1o 2006, cuando se sancion\u00f3 la ley 2240.\u00a0Trece a\u00f1os despu\u00e9s, ante el reiterado incumplimiento de la ley por parte del gobierno de Cambiemos, vecinos y organizaciones sociales del barrio, patrocinados por el defensor oficial Ramiro Dos Santos Freire, a cargo de la Defensor\u00eda N\u00aa 5,\u00a0presentaron un amparo colectivo\u00a0ante la justicia porte\u00f1a\u00a0para exigir su cumplimiento y frenar los desalojos sistem\u00e1ticos. En la presentaci\u00f3n, adem\u00e1s de solicitar que se implementen medidas con car\u00e1cter urgente, se denuncia tambi\u00e9n la violaci\u00f3n de la ley del Distrito de las Artes (4353), sancionada en 2012,\u00a0 que obliga al Estado a atender las situaciones de vulnerabilidad social en el Distrito,\u00a0que incluye pr\u00e1cticamente a todo el barrio de la Boca.<\/p>\n<p>El amparo solicita que se ordene al Gobierno de la Ciudad presentar ante el juzgado un plan concreto para la implementaci\u00f3n de la ley 2240. Que se establezcan acciones y programas espec\u00edficos y mecanismos que permitan el control jurisdiccional de su aplicaci\u00f3n. Para ello, pide que se cumpla lo previsto por el art\u00edculo 29 de la ley 4353, ordenando un relevamiento de las necesidades habitacionales y dar cumplimiento al art\u00edculo 13 de la ley 341, que obliga al IVC a dar soluciones en materia de vivienda en casos de desalojos.<\/p>\n<p>Adem\u00e1s, se pide\u00a0el dise\u00f1o de un programa para la prevenci\u00f3n de desalojos forzosos;\u00a0un programas de acceso al cr\u00e9dito para el acceso a la vivienda; un plan de refacci\u00f3n de conventillos y viviendas; y\u00a0un programa de prevenci\u00f3n de incendios y derrumbes de viviendas junto con un plan de contingencia para la contenci\u00f3n y seguimiento de las v\u00edctimas de los mismos.<\/p>\n<p>Natalia Quinto, una de las amparistas y representante del grupo de Vivienda y H\u00e1bitat de La Boca Resiste y Propone, la red multisectorial de organizaciones del barrio, explic\u00f3 a\u00a0P\u00e1gina\/12\u00a0que \u201ca partir de la sanci\u00f3n de\u00a0la ley del Distrito de las Artes que favoreci\u00f3 a los desarrolladores inmobiliarios los desalojos se aceleraron. Antes hab\u00eda uno cada dos o tres meses. Hoy, la realidad es que tenemos\u00a0un promedio de tres desalojos por semana.\u00a0En un barrio que tiene una tipolog\u00eda compleja de viviendas multifamiliares, en las que pod\u00e9s tener una familia o 25 en un mismo inmueble\u201d. \u201cEn 2017 presentamos el caso ante el Tribunal Internacional de Desalojos (ITE), donde se trata un caso por continente de gentrificaci\u00f3n, el modelo de desarrollo que busca sustituir una poblaci\u00f3n por otra y todo el entramado social para satisfacer la demanda de una poblaci\u00f3n distinta de la hist\u00f3rica. En el barrio, donde hab\u00eda una verduler\u00eda hay una galer\u00eda de arte, donde hab\u00eda un almac\u00e9n hay un bar de cerveza artesanal, todo en un contexto de emergencia habitacional\u201d.<\/p>\n<p>El ITE hizo una serie de recomendaciones al Estado Nacional, al de la Ciudad y a las organizaciones para que se cumpla con los pactos y convenciones que garantizan el derecho a la vivienda adecuada. Acredit\u00f3 que en el barrio se viola el derecho humano de acceso a la vivienda y que se incumple con el Pacto Internacional de Derechos Econ\u00f3micos, Sociales y Culturales . \u201cEl Instituto de la Vivienda (IVC) firm\u00f3 un compromiso con la multisectorial mientras estaba el presidente del Tribunal en Buenos Aires, y no lo cumplieron, como tampoco cumplen con la ley de emergencia ni con la del Distrito de las Artes\u201d, se\u00f1al\u00f3 Quinto.<\/p>\n<p>Por su parte, Dos Santos Freire explic\u00f3 a este diario que \u201cel amparo apunta a que se cumplan varias leyes que no se est\u00e1n cumpliendo.\u00a0Es el mismo Gobierno de la Ciudad, a trav\u00e9s del Distrito de las Artes e instrumentos fiscales, el que promueve un proceso de especulaci\u00f3n inmobiliaria que tiene efectos expulsivos\u00a0en la poblaci\u00f3n m\u00e1s vulnerable, que no puede sostener su vida en el barrio\u00bb<\/p>\n<p>El defensor se\u00f1al\u00f3 que \u00abel gobierno no s\u00f3lo desatiende el cumplimiento de una norma vigente, sino que tampoco adopta medida alguna para garantizar el derecho a la vivienda digna y a la radicaci\u00f3n definitiva de las familias en el lugar donde han vivido durante a\u00f1os. Se advierte una pol\u00edtica de desalojos sistem\u00e1ticos, m\u00e1s de 1100 personas en los \u00faltimos a\u00f1os. N\u00fameros que son alarmantes. Desalojos todas las semanas de gente que queda en la calle o va a lugares a\u00fan m\u00e1s precarios, en los que hay adultos mayores y ni\u00f1os y ni\u00f1as que pierden escolaridad. A esto se suman los incendios recurrentes, que no son accidentes sino un emergente de una situaci\u00f3n sistem\u00e1tica de fallas estructurales y de la precariedad habitacional del barrio\u201d.<\/p>\n<p>Quinto remarc\u00f3 que, entre las urgencias, es necesaria la \u201ccreaci\u00f3n de un programa de prevenci\u00f3n de incendios y de acompa\u00f1amiento a las v\u00edctimas porque en el barrio hay un promedio hist\u00f3rico muy alto de incendios, el a\u00f1o pasado hubo 18. Las casas est\u00e1n construidas de chapa y madera, es una tipolog\u00eda constructiva distinta a otros barrios. Y los incendios se han cobrado muchas v\u00edctimas. El mes que viene empieza lo que denominamos la temporada de incendios, que es cuando empieza el calor de 40 grados\u201d. Adem\u00e1s, sostuvo que \u201chace falta un programa integral de contingencia en medio de la crisis social. Hay muchos desalojos pautados para despu\u00e9s de la feria judicial. Y\u00a0es muy dif\u00edcil proyectarse en la vida viviendo en la incertidumbre, la vivienda es el derecho subsidiario de todos los derechos\u201d.<\/p>\n<h6>Fuente: P\u00e1gina 12<\/h6>\n","protected":false},"excerpt":{"rendered":"<p>Vecinos y organizaciones sociales del barrio, patrocinados por el defensor oficial Ramiro Dos Santos Freire, presentaron un recurso colectivo.<\/p>\n","protected":false},"author":2,"featured_media":97508,"comment_status":"closed","ping_status":"closed","sticky":false,"template":"","format":"standard","meta":{"footnotes":""},"categories":[2],"tags":[12],"class_list":["post-97507","post","type-post","status-publish","format-standard","has-post-thumbnail","hentry","category-informe-municipal","tag-buenos-aires"],"_links":{"self":[{"href":"http:\/\/argentinamunicipal.com.ar\/argentina\/wp-json\/wp\/v2\/posts\/97507","targetHints":{"allow":["GET"]}}],"collection":[{"href":"http:\/\/argentinamunicipal.com.ar\/argentina\/wp-json\/wp\/v2\/posts"}],"about":[{"href":"http:\/\/argentinamunicipal.com.ar\/argentina\/wp-json\/wp\/v2\/types\/post"}],"author":[{"embeddable":true,"href":"http:\/\/argentinamunicipal.com.ar\/argentina\/wp-json\/wp\/v2\/users\/2"}],"replies":[{"embeddable":true,"href":"http:\/\/argentinamunicipal.com.ar\/argentina\/wp-json\/wp\/v2\/comments?post=97507"}],"version-history":[{"count":0,"href":"http:\/\/argentinamunicipal.com.ar\/argentina\/wp-json\/wp\/v2\/posts\/97507\/revisions"}],"wp:featuredmedia":[{"embeddable":true,"href":"http:\/\/argentinamunicipal.com.ar\/argentina\/wp-json\/wp\/v2\/media\/97508"}],"wp:attachment":[{"href":"http:\/\/argentinamunicipal.com.ar\/argentina\/wp-json\/wp\/v2\/media?parent=97507"}],"wp:term":[{"taxonomy":"category","embeddable":true,"href":"http:\/\/argentinamunicipal.com.ar\/argentina\/wp-json\/wp\/v2\/categories?post=97507"},{"taxonomy":"post_tag","embeddable":true,"href":"http:\/\/argentinamunicipal.com.ar\/argentina\/wp-json\/wp\/v2\/tags?post=97507"}],"curies":[{"name":"wp","href":"https:\/\/api.w.org\/{rel}","templated":true}]}}