{"id":97535,"date":"2019-12-19T05:32:15","date_gmt":"2019-12-19T08:32:15","guid":{"rendered":"http:\/\/argentinamunicipal.com.ar\/argentina\/?p=97535"},"modified":"2019-12-19T07:33:53","modified_gmt":"2019-12-19T10:33:53","slug":"el-desempleo-en-el-gran-rosario-subio-al-87-por-ciento-en-el-tercer-trimestre-del-ano","status":"publish","type":"post","link":"http:\/\/argentinamunicipal.com.ar\/argentina\/el-desempleo-en-el-gran-rosario-subio-al-87-por-ciento-en-el-tercer-trimestre-del-ano\/","title":{"rendered":"El desempleo en el Gran Rosario subi\u00f3 al 8,7 por ciento en el tercer trimestre del a\u00f1o"},"content":{"rendered":"<p>Seg\u00fan la estimaci\u00f3n del Indec, la desocupaci\u00f3n a nivel nacional fue del 9,7 por ciento en el tercer trimestre del a\u00f1o.<\/p>\n<p>La desocupaci\u00f3n afect\u00f3 al 8,7 por ciento de la poblaci\u00f3n econ\u00f3micamente activa en el Gran Rosario durante el tercer trimestre de este a\u00f1o. Significa una suba de 0,8 punto respecto de un a\u00f1o atr\u00e1s. El deterioro se expres\u00f3 tambi\u00e9n en una ca\u00edda de las tasas de actividad y de ocupaci\u00f3n, as\u00ed como en la suba del subempleo. Es decir que el mercado de trabajo se achic\u00f3, se deterior\u00f3 y se precariz\u00f3 en los \u00faltimos doce meses. El \u00edndice de desempleo del aglomerado fue, no obstante, inferior al indicador nacional, que lleg\u00f3 al 9,7 por ciento. Entre los conglomerados de mayor desocupaci\u00f3n se ubicaron los partidos del Gran Buenos Aires (12 por ciento), el eje San Nicol\u00e1s &#8211; Villa Constituci\u00f3n (11,4 por ciento) y C\u00f3rdoba (11 por ciento).<\/p>\n<p>De acuerdo a las cifras que difundi\u00f3 ayer el Instituto Nacional de Estad\u00edstica y Censos (Indec), el mercado laboral de Rosario se redujo en 12 mil personas entre el tercer trimestre de 2018 y el tercer trimestre de 2019. Pero en el mismo per\u00edodo hay 15 mil ocupados menos y 4 mil desocupados m\u00e1s. Tambi\u00e9n se sumaron 11 mil subocupados, es decir personas que trabajan menos de 35 horas semanales. Se destruy\u00f3 empleo, se precarizaron las condiciones de los que mantienen un empleo y no hubo absorci\u00f3n neta de nuevos oferentes en el circuito laboral.<\/p>\n<p>En relaci\u00f3n a la poblaci\u00f3n econ\u00f3micamente de activa, el porcentaje de poblaci\u00f3n que participa del mercado de trabajo, la desocupaci\u00f3n salt\u00f3 0,8 punto hasta el 8,7 por ciento; la subocupaci\u00f3n 2,1 punto, hasta el 10,6 por ciento y el empleo 1,7 hasta 42 por ciento. La tasa de actividad se redujo en 1,2 punto, hasta 42 por ciento.<\/p>\n<p>Al mismo tiempo, en el tercer trimestre del a\u00f1o, la porci\u00f3n de asalariados en negro lleg\u00f3 al 31,2 por ciento, de acuerdo a los datos del Indec.<\/p>\n<p>La base de comparaci\u00f3n s es baja en el Rosario, ya que el \u00edndice de desocupaci\u00f3n del tercer trimestre de 2018 hab\u00eda sido extra\u00f1amente bajo. Es m\u00e1s, hab\u00eda bajado en forma interanual, a contramano de lo que hab\u00eda ocurrido a nivel nacional, en medio de un nuevo pico de la crisis financiera que se desat\u00f3 a principios del a\u00f1o pasado.<\/p>\n<p>Una posible explicaci\u00f3n, en aquel momento, hab\u00eda sido que el impacto de esa crisis en la actividad econ\u00f3mica de la ciudad se retras\u00f3 respecto del resto del pa\u00eds, de la misma manera en que se hab\u00eda retrasado la salida de recesi\u00f3n de los a\u00f1os 2016 \/ 2017.<\/p>\n<p>A septiembre de este a\u00f1o, el Gran Rosario muestra un claro deterioro interanual del mercado laboral aunque exhibe n\u00fameros mejores que muchos aglomerados del pa\u00eds. Sin ir muy lejos, el conjunto que integran la ciudad santafesina de Villa Constituci\u00f3n y la bonaerense de San Nicol\u00e1s se ubic\u00f3 segundo en el ranking de desocupaci\u00f3n, con un 11,4 por ciento. El se deteriora m\u00e1s hacia el sur, cuando se lega al otro gran entramado industrial del pa\u00eds: los partidos del Gran Buenos Aires. All\u00ed los desempleados suman el 12,1 por ciento de la poblaci\u00f3n total.<\/p>\n<p>La cuarta ciudad con mayor desocupaci\u00f3n del pa\u00eds es C\u00f3rdoba, que muestra un importante deterioro entre los meses de julio y septiembre, en pleno proceso electoral que ubic\u00f3 a la provincia mediterr\u00e1nea como gran basti\u00f3n macrista. El desempleo lleg\u00f3 al 11 por ciento, con una tasa de actividad muy alta, superior al 49 por ciento y un 28,8 por ciento de ocupados demandantes de empleo. La subocupaci\u00f3n en la docta fue de 16,6 por ciento.<\/p>\n<p>En el \u00e1rea de dos d\u00edgitos se ubicaron tambi\u00e9n Tucum\u00e1n (11,1 por ciento), Santa Rosa (10,8 por ciento), Ushuaia (10,3 por ciento) y Mar del Plata (10,2 por ciento).<\/p>\n<p>Las menores tasas de desocupaci\u00f3n se anotaron en Viedma-Carmen de Patagones con el 2,5 por ciento; San Juan con el 3 por ciento; Posadas 3,1 por ciento; Comodoro Rivadavia con el 4,2 por ciento; Formosa 4,3 por ciento, y Rio Cuarto 4,5 por ciento.<\/p>\n<p>A nivel nacional, el \u00edndice de desocupaci\u00f3n aument\u00f3 a 9,7 por ciento al t\u00e9rmino del tercer trimestre de este a\u00f1o, contra el 9 por ciento de igual per\u00edodo del a\u00f1o pasado. Entre ambas mediciones, la actividad econ\u00f3mica en su conjunto baj\u00f3 1,7 por ciento por la menor producci\u00f3n industrial, y los retrocesos en el sector de la construcci\u00f3n y el consumo, seg\u00fan el propio Indec.<\/p>\n<p>Tambi\u00e9n entre estas dos mediciones, la tasa de actividad, es decir, la cantidad de gente que est\u00e1 en condiciones de trabajar sobre el total de la poblaci\u00f3n, creci\u00f3 levemente al 47,2 por ciento desde el 46,7 por ciento del a\u00f1o pasado.<\/p>\n<p>El Indec dio cuenta tambi\u00e9n de que la tasa de ocupados demandantes trep\u00f3 al 18,6 por ciento frente al 16,7 por ciento del a\u00f1o pasado.<\/p>\n<p>Trabajadores qu\u00edmicos<\/p>\n<p>Los trabajadores qu\u00edmicos de Rosario informaron que entre diciembre y febrero pr\u00f3ximo se abonar\u00e1 el bono de $ 17.500 para todo el pa\u00eds. El refuerzo fue acordado por la Federaci\u00f3n Argentina de Trabajadores de Industrias Qu\u00edmicas y Petroqu\u00edmicas (Fatiqyp) en la \u00faltima paritaria y tiene car\u00e1cter de suma no remunerativa extraordinaria. \u00abPara nosotros el bono de fin de a\u00f1o es un derecho adquirido que se cobra todos los a\u00f1os\u00bb, dijo Ruben Caroselli, secretario general de los Qu\u00edmicos de Rosario.<\/p>\n<h6>Fuente: La Capital<\/h6>\n","protected":false},"excerpt":{"rendered":"<p>Seg\u00fan la estimaci\u00f3n del Indec, la desocupaci\u00f3n a nivel nacional fue del 9,7 por ciento en el tercer trimestre del a\u00f1o.\u00a0<\/p>\n","protected":false},"author":2,"featured_media":97536,"comment_status":"closed","ping_status":"closed","sticky":false,"template":"","format":"standard","meta":{"footnotes":""},"categories":[2],"tags":[10],"class_list":["post-97535","post","type-post","status-publish","format-standard","has-post-thumbnail","hentry","category-informe-municipal","tag-santa-fe"],"_links":{"self":[{"href":"http:\/\/argentinamunicipal.com.ar\/argentina\/wp-json\/wp\/v2\/posts\/97535","targetHints":{"allow":["GET"]}}],"collection":[{"href":"http:\/\/argentinamunicipal.com.ar\/argentina\/wp-json\/wp\/v2\/posts"}],"about":[{"href":"http:\/\/argentinamunicipal.com.ar\/argentina\/wp-json\/wp\/v2\/types\/post"}],"author":[{"embeddable":true,"href":"http:\/\/argentinamunicipal.com.ar\/argentina\/wp-json\/wp\/v2\/users\/2"}],"replies":[{"embeddable":true,"href":"http:\/\/argentinamunicipal.com.ar\/argentina\/wp-json\/wp\/v2\/comments?post=97535"}],"version-history":[{"count":0,"href":"http:\/\/argentinamunicipal.com.ar\/argentina\/wp-json\/wp\/v2\/posts\/97535\/revisions"}],"wp:featuredmedia":[{"embeddable":true,"href":"http:\/\/argentinamunicipal.com.ar\/argentina\/wp-json\/wp\/v2\/media\/97536"}],"wp:attachment":[{"href":"http:\/\/argentinamunicipal.com.ar\/argentina\/wp-json\/wp\/v2\/media?parent=97535"}],"wp:term":[{"taxonomy":"category","embeddable":true,"href":"http:\/\/argentinamunicipal.com.ar\/argentina\/wp-json\/wp\/v2\/categories?post=97535"},{"taxonomy":"post_tag","embeddable":true,"href":"http:\/\/argentinamunicipal.com.ar\/argentina\/wp-json\/wp\/v2\/tags?post=97535"}],"curies":[{"name":"wp","href":"https:\/\/api.w.org\/{rel}","templated":true}]}}