{"id":97541,"date":"2019-12-19T07:39:33","date_gmt":"2019-12-19T10:39:33","guid":{"rendered":"http:\/\/argentinamunicipal.com.ar\/argentina\/?p=97541"},"modified":"2019-12-19T07:39:33","modified_gmt":"2019-12-19T10:39:33","slug":"en-el-gran-cordoba-hay-310-mil-personas-con-problemas-de-empleo","status":"publish","type":"post","link":"http:\/\/argentinamunicipal.com.ar\/argentina\/en-el-gran-cordoba-hay-310-mil-personas-con-problemas-de-empleo\/","title":{"rendered":"En el Gran C\u00f3rdoba hay 310 mil personas con problemas de empleo"},"content":{"rendered":"<p>La crisis que golpea al pa\u00eds muestra una de sus facetas m\u00e1s duras en las cifras de empleo. Los n\u00fameros publicados ayer por el Indec evidencian que el deterioro avanz\u00f3 en el tercer trimestre de 2019 y los economistas ya advierten que, al menos en el corto plazo, no habr\u00e1 una recuperaci\u00f3n.<\/p>\n<p>En el Gran C\u00f3rdoba, el organismo oficial calcul\u00f3 la desocupaci\u00f3n \u2013entre julio y septiembre\u2013 en el 11 por ciento de la poblaci\u00f3n en condiciones de trabajar.<\/p>\n<p>Se trata de 86 mil personas que, casi al mismo tiempo en que se estaban desarrollando las Paso, no ten\u00edan trabajo, buscaban un empleo activamente y no lo consegu\u00edan.<\/p>\n<p>Eran 16 mil cordobeses m\u00e1s que un a\u00f1o atr\u00e1s, cuando en el tercer trimestre de 2018 los desempleados sumaban 70 mil (el 9,1%).<\/p>\n<p>Si a ese conjunto se sumaban los ocupados y subocupados demandantes de empleo, gente que ten\u00eda trabajo pero que buscaba hacerlo m\u00e1s horas por d\u00eda, el universo de cordobeses con problemas laborales ascend\u00eda a 310 mil, casi el 40 por ciento de la poblaci\u00f3n en condiciones de trabajar. Siempre analizando el tercer trimestre de 2019.<\/p>\n<p>Esa cifra, un a\u00f1o antes, correspond\u00eda a 246 mil personas, o el 32 por ciento de la poblaci\u00f3n econ\u00f3micamente activa.<\/p>\n<p>Es decir que, entre la segunda crisis del d\u00f3lar de 2018 (cuando subi\u00f3 de 30 a 42 pesos) y la de despu\u00e9s de las Paso de este a\u00f1o (cuando la divisa trep\u00f3 a 60), 64 mil cordobeses m\u00e1s pasaron a tener problemas de trabajo.<\/p>\n<p>Buena parte de las 310 mil personas con complicaciones en materia laboral se explic\u00f3 por \u201cel fuerte crecimiento de los ocupados que buscaron trabajar m\u00e1s horas\u201d, dijo el economista Micael Salom\u00f3n. \u201cDe 176 mil, pasaron a 224 mil en s\u00f3lo un a\u00f1o. Un crecimiento enorme\u201d, describi\u00f3 el investigador, apuntando como una de las principales causas el \u201cdeterioro del salario real\u201d. \u201cEs gente que tiene un trabajo de m\u00e1s de 45 horas semanales, pero cuyos ingresos no eran suficientes y buscaba hacerlo m\u00e1s\u201d, apunt\u00f3.<\/p>\n<p>En el universo de las personas con problemas laborales tambi\u00e9n estaban los subocupados, que ten\u00edan un trabajo de medio tiempo, pero que estaban buscando hacerlo m\u00e1s o cambiar a un empleo m\u00e1s demandante. Eran 111 mil en el tercer trimestre, 15 mil m\u00e1s que un a\u00f1o antes.<\/p>\n<p>La cantidad de ocupados, el conjunto de trabajadores netos del Gran C\u00f3rdoba, cay\u00f3 de 699 mil a 691 en un a\u00f1o: ocho mil menos. En el mismo lapso, se sumaron otros ocho mil cordobeses a la poblaci\u00f3n econ\u00f3micamente activa (777 mil para el tercer trimestre de este a\u00f1o). Para Gerardo Garc\u00eda Oro, especialista en temas de empleo del Ieral, de Fundaci\u00f3n Mediterr\u00e1nea, \u201cla segunda mitad del a\u00f1o estuvo marcada por una aceleraci\u00f3n inflacionaria , los ingresos reales de las familias cayeron con fuerza y eso se ve en los n\u00fameros\u201d.<\/p>\n<p>El crecimiento del universo de personas con problemas de trabajo, aun teniendo una ocupaci\u00f3n, \u201ctambi\u00e9n se explica en las suspensiones y las reducciones del n\u00famero de horas en la industria en C\u00f3rdoba\u201d, dijo Garc\u00eda Oro. \u201cMuchos de los ocupados dejaron de aparecer entre los ocupados plenos y subi\u00f3 la tasa de subocupaci\u00f3n demandante: personas que pasaron a un trabajo con menos horas y que declararon que estaban dispuestas a trabajar m\u00e1s\u201d, agreg\u00f3.<\/p>\n<p>El economista explic\u00f3 tambi\u00e9n que, por otro lado, cay\u00f3 la demanda de trabajo en sectores clave, como la industria, hist\u00f3ricamente fuerte en el Gran C\u00f3rdoba.<\/p>\n<p>El Indec muestra que creci\u00f3 la informalidad: la tasa de asalariados sin descuento jubilatorio lleg\u00f3 al 46,3 por ciento. Esto significa que los pocos que hallaron trabajo consiguieron uno de baja calidad.<\/p>\n<p>El desempleo lleg\u00f3 al 9,7%: unos 1,8 millones<\/p>\n<p>En el pa\u00eds, la tasa de desempleo marc\u00f3 en el tercer trimestre de este a\u00f1o un 9,7 por ciento, un incremento interanual de 0,7 puntos porcentuales. Un a\u00f1o antes, se hab\u00eda ubicado en nueve por ciento.<\/p>\n<p>El dato marca el deterioro que se produjo en los niveles de empleo en un contexto econ\u00f3mico muy adverso marcado por una inflaci\u00f3n de m\u00e1s del 50 por ciento y por una fuerte recesi\u00f3n.<\/p>\n<p>De acuerdo con c\u00e1lculos de consultoras privadas, el 9,7 por ciento de desempleo que mide el Indec para los centros urbanos m\u00e1s importantes del pa\u00eds se podr\u00eda traducir en aproximadamente 1,8 millones de personas en el pa\u00eds.<\/p>\n<p>Con la tasa de actividad creciendo (del 46,7 al 47,2 por ciento interanual), el mayor desempleo se explica no s\u00f3lo por despidos, sino tambi\u00e9n porque m\u00e1s gente se suma al mercado laboral a buscar oportunidades y no las encuentra.<\/p>\n<p>La mayor cantidad relativa de desempleados estuvo, en el tercer trimestre de 2019, en los partidos del Gran Buenos Aires (12,1%), en el conglomerado urbano de San Nicol\u00e1s-Villa Constituci\u00f3n (11,4%) y en el Gran Tucum\u00e1n-Taf\u00ed Viejo (11,1%). El menor nivel de desempleo: en Viedma-Carmen de Patagones (2,5%) y en Gran San Juan (3%). En R\u00edo Cuarto tambi\u00e9n se manifest\u00f3 una de las tasas m\u00e1s bajas de desocupaci\u00f3n del pa\u00eds: 4,5 por ciento. La subocupaci\u00f3n, en tanto, marc\u00f3 5,5 por ciento.<\/p>\n<h6>Fuente: La Voz<\/h6>\n","protected":false},"excerpt":{"rendered":"<p>La crisis que golpea al pa\u00eds muestra una de sus facetas m\u00e1s duras en las cifras de empleo. Los n\u00fameros publicados ayer por el Indec evidencian que el deterioro avanz\u00f3 en el tercer trimestre de 2019<\/p>\n","protected":false},"author":2,"featured_media":97542,"comment_status":"closed","ping_status":"closed","sticky":false,"template":"","format":"standard","meta":{"footnotes":""},"categories":[2],"tags":[3],"class_list":["post-97541","post","type-post","status-publish","format-standard","has-post-thumbnail","hentry","category-informe-municipal","tag-cordoba"],"_links":{"self":[{"href":"http:\/\/argentinamunicipal.com.ar\/argentina\/wp-json\/wp\/v2\/posts\/97541","targetHints":{"allow":["GET"]}}],"collection":[{"href":"http:\/\/argentinamunicipal.com.ar\/argentina\/wp-json\/wp\/v2\/posts"}],"about":[{"href":"http:\/\/argentinamunicipal.com.ar\/argentina\/wp-json\/wp\/v2\/types\/post"}],"author":[{"embeddable":true,"href":"http:\/\/argentinamunicipal.com.ar\/argentina\/wp-json\/wp\/v2\/users\/2"}],"replies":[{"embeddable":true,"href":"http:\/\/argentinamunicipal.com.ar\/argentina\/wp-json\/wp\/v2\/comments?post=97541"}],"version-history":[{"count":0,"href":"http:\/\/argentinamunicipal.com.ar\/argentina\/wp-json\/wp\/v2\/posts\/97541\/revisions"}],"wp:featuredmedia":[{"embeddable":true,"href":"http:\/\/argentinamunicipal.com.ar\/argentina\/wp-json\/wp\/v2\/media\/97542"}],"wp:attachment":[{"href":"http:\/\/argentinamunicipal.com.ar\/argentina\/wp-json\/wp\/v2\/media?parent=97541"}],"wp:term":[{"taxonomy":"category","embeddable":true,"href":"http:\/\/argentinamunicipal.com.ar\/argentina\/wp-json\/wp\/v2\/categories?post=97541"},{"taxonomy":"post_tag","embeddable":true,"href":"http:\/\/argentinamunicipal.com.ar\/argentina\/wp-json\/wp\/v2\/tags?post=97541"}],"curies":[{"name":"wp","href":"https:\/\/api.w.org\/{rel}","templated":true}]}}